{"id":2667,"date":"2026-04-13T22:26:27","date_gmt":"2026-04-13T20:26:27","guid":{"rendered":"https:\/\/slatina-community.com\/?p=2667"},"modified":"2026-04-25T22:44:25","modified_gmt":"2026-04-25T20:44:25","slug":"projekti-za-starije-osobe-na-podrucju-vpz-krecu-u-realizaciju-3","status":"publish","type":"post","link":"https:\/\/slatina-community.com\/index.php\/2026\/04\/13\/projekti-za-starije-osobe-na-podrucju-vpz-krecu-u-realizaciju-3\/","title":{"rendered":"Projekti za starije osobe na podru\u010dju VP\u017d kre\u0107u u realizaciju"},"content":{"rendered":"\t\t<div data-elementor-type=\"wp-post\" data-elementor-id=\"2667\" class=\"elementor elementor-2667\">\n\t\t\t\t<div class=\"elementor-element elementor-element-3c0793a e-flex e-con-boxed wpr-particle-no wpr-jarallax-no wpr-parallax-no wpr-sticky-section-no e-con e-parent\" data-id=\"3c0793a\" data-element_type=\"container\">\n\t\t\t\t\t<div class=\"e-con-inner\">\n\t\t\t\t<div class=\"elementor-element elementor-element-a17aa42 elementor-widget elementor-widget-text-editor\" data-id=\"a17aa42\" data-element_type=\"widget\" data-widget_type=\"text-editor.default\">\n\t\t\t\t<div class=\"elementor-widget-container\">\n\t\t\t<style>\/*! elementor - v3.21.0 - 18-04-2024 *\/\n.elementor-widget-text-editor.elementor-drop-cap-view-stacked .elementor-drop-cap{background-color:#69727d;color:#fff}.elementor-widget-text-editor.elementor-drop-cap-view-framed .elementor-drop-cap{color:#69727d;border:3px solid;background-color:transparent}.elementor-widget-text-editor:not(.elementor-drop-cap-view-default) .elementor-drop-cap{margin-top:8px}.elementor-widget-text-editor:not(.elementor-drop-cap-view-default) .elementor-drop-cap-letter{width:1em;height:1em}.elementor-widget-text-editor .elementor-drop-cap{float:left;text-align:center;line-height:1;font-size:50px}.elementor-widget-text-editor .elementor-drop-cap-letter{display:inline-block}<\/style>\t\t\t\t<p>U Vili dobre vode u Lipiku u ponedjeljak, 13. travnja, odr\u017eana je sve\u010dana dodjela ugovora u sklopu\u00a0<strong>ESF+ poziva \u201e\u0160irenje mre\u017ee socijalnih usluga u zajednici\u201c.<\/strong>\u00a0Rije\u010d je o zna\u010dajnom ulaganju u sustav socijalne skrbi kojim se nastoji unaprijediti dostupnost i kvaliteta usluga za najranjivije skupine stanovni\u0161tva na podru\u010dju Slavonije.<\/p><p>Sve\u010danosti su nazo\u010dili ministar rada, mirovinskoga sustava, obitelji i socijalne politike (posredni\u010dko tijelo razine 1) Alen Ru\u017ei\u0107 koji je uru\u010dio potpisane ugovore, dr\u017eavni tajnici Ivan Vidi\u0161 i Marinko Lukenda, ravnatelj Hrvatskog zavoda za zapo\u0161ljavanje (posredni\u010dko tijelo razine 2) Ante Lon\u010dar, po\u017ee\u0161ko-slavonska \u017eupanica Antonija Jozi\u0107 te gradona\u010delnik Lipika Vinko Kasana.<\/p><p>U okviru dodjele uru\u010deno je ukupno 35 ugovora pru\u017eateljima socijalnih usluga iz pet slavonskih \u017eupanija, ukupne vrijednosti 9,5 milijuna eura. Projekti su sufinancirani sredstvima Europskog socijalnog fonda plus (ESF+) uz potporu dr\u017eavnog prora\u010duna (15%) Obuhva\u0107aju \u0161irok krug korisnika, uklju\u010duju\u0107i osobe starije \u017eivotne dobi, osobe s invaliditetom, \u017ertve nasilja, osobe s problemima ovisnosti, besku\u0107nike, kao i druge skupine kojima je potrebna podr\u0161ka u zajednici.<\/p><p>Ministar je istaknuo kako se kroz ove projekte osigurava kontinuitet postoje\u0107ih usluga, ali i uklju\u010divanje novih pru\u017eatelja, \u010dime se mre\u017ea dodatno \u0161iri. Posebno je naglasio va\u017enost programa \u201eZa\u017eeli\u201c, koji je u slavonskim \u017eupanijama najvi\u0161e zastupljen, te najavio njegov nastavak bez prekida, uz prilagodbu prema profesionalnijem i odr\u017eivijem modelu. Ravnatelj HZZO-a Ante Lon\u010dar\u00a0istaknuo je kako su sve aktivnosti usmjerene pove\u0107anju kvalitete \u017eivota osjetljivih skupina ljudi.<\/p><p>Od 125 pravnih subjekata u RH koji \u0107e za svoje projekte biti financirani sljede\u0107e 3 godine, predvi\u0111eno je\u00a0<strong>34.171.709 \u20ac, a za 25 dru\u0161tava Hrvatskog Crvenog kri\u017ea<\/strong>\u00a0kojima su projekti prihva\u0107eni, odvojit \u0107e se\u00a0<strong>6.741.958 \u20ac.<\/strong>\u00a0S podru\u010dja na\u0161e Viroviti\u010dko-podravske \u017eupanije financira se 8 projekta \u0161to je pokazatelj da su razvojne agencije VIDRA i VTA napravile kvalitetnu pripremu. Sredstva su dobile udruge Jaglac iz Orahovice, Spektar iz Pitoma\u010de, S.O.S., Udruga tjelesnih invalida, Dijabetes klub i Udruga invalida rada iz Virovitice, te Crveni kri\u017e Virovitica i Slatina. Sve udruge bit \u0107e financirane iznosom do 300.000 \u20ac.<\/p><p>Slatinski projekt\u00a0<strong>Zajedno za zlatnu dob<\/strong>\u00a0realizirat \u0107e se s partnerima Gradom Orahovicom (Udruga umirovljenika s predsjednicom Elzom Blagajac) i Gradom Slatinom. Od 2009. slatinski Crveni kri\u017e kroz 7 projekata financiranih iz fondova Europske unije realizirat \u0107e preko\u00a0<strong>2,9 milijuna eura<\/strong>. To je znatno doprinijelo kadrovskom i infrastrukturnom (prijevozna sredstva, oprema) razvoju udruge te vidljivosti i zna\u010daju u zajednici. O koristi i blagodati za vi\u0161e od 500 korisnika i preko 100 zaposlenih na odre\u0111eno vrijeme ne treba ni govoriti.<\/p><p>\u2013\u00a0<em>Osim ovog spomenutog projekta za seniore, nominirali smo i jedan projekt za mlade u trajanju od 3 godine \u2013 \u201c<strong>Djeca u riziku\u201d<\/strong>\u00a0te u istom sklopu \u201c\u0160irenje mre\u017ee socijalnih usluga u zajednici\u201d vrijednosti 250.000 \u20ac za kojeg se nadamo da \u0107e uskoro biti odobren. Oba ova projekta predvi\u0111aju 3 novozaposlene osobe na 3 godine na puno radno vrijeme i 5 mla\u0111ih umirovljenika na nepuno\u00a0<\/em>\u2013 poru\u010dio je ravnatelj slatinskog Crvenog kri\u017ea, Vladimir Jelen\u010di\u0107.<\/p>\t\t\t\t\t\t<\/div>\n\t\t\t\t<\/div>\n\t\t\t\t\t<\/div>\n\t\t\t\t<\/div>\n\t\t\t\t<\/div>\n\t\t","protected":false},"excerpt":{"rendered":"<p>U Vili dobre vode u Lipiku u ponedjeljak, 13. travnja, odr\u017eana je sve\u010dana dodjela ugovora u sklopu\u00a0ESF+ poziva \u201e\u0160irenje mre\u017ee socijalnih usluga u zajednici\u201c.\u00a0Rije\u010d je o zna\u010dajnom ulaganju u sustav socijalne skrbi kojim se nastoji unaprijediti dostupnost i kvaliteta usluga za najranjivije skupine stanovni\u0161tva na podru\u010dju Slavonije. Sve\u010danosti su nazo\u010dili ministar rada, mirovinskoga sustava, obitelji [&hellip;]<\/p>\n","protected":false},"author":1,"featured_media":2660,"comment_status":"closed","ping_status":"open","sticky":false,"template":"","format":"standard","meta":{"om_disable_all_campaigns":false,"footnotes":""},"categories":[29],"tags":[],"class_list":["post-2667","post","type-post","status-publish","format-standard","has-post-thumbnail","hentry","category-crveni-kriz"],"yoast_head":"<!-- This site is optimized with the Yoast SEO plugin v22.5 - https:\/\/yoast.com\/wordpress\/plugins\/seo\/ -->\n<title>Projekti za starije osobe na podru\u010dju VP\u017d kre\u0107u u realizaciju - Crveni kriz Slatina<\/title>\n<meta name=\"robots\" content=\"index, follow, max-snippet:-1, max-image-preview:large, max-video-preview:-1\" \/>\n<link rel=\"canonical\" href=\"https:\/\/slatina-community.com\/index.php\/2026\/04\/13\/projekti-za-starije-osobe-na-podrucju-vpz-krecu-u-realizaciju-3\/\" \/>\n<meta property=\"og:locale\" content=\"hr_HR\" \/>\n<meta property=\"og:type\" content=\"article\" \/>\n<meta property=\"og:title\" content=\"Projekti za starije osobe na podru\u010dju VP\u017d kre\u0107u u realizaciju - Crveni kriz Slatina\" \/>\n<meta property=\"og:description\" content=\"U Vili dobre vode u Lipiku u ponedjeljak, 13. travnja, odr\u017eana je sve\u010dana dodjela ugovora u sklopu\u00a0ESF+ poziva \u201e\u0160irenje mre\u017ee socijalnih usluga u zajednici\u201c.\u00a0Rije\u010d je o zna\u010dajnom ulaganju u sustav socijalne skrbi kojim se nastoji unaprijediti dostupnost i kvaliteta usluga za najranjivije skupine stanovni\u0161tva na podru\u010dju Slavonije. Sve\u010danosti su nazo\u010dili ministar rada, mirovinskoga sustava, obitelji [&hellip;]\" \/>\n<meta property=\"og:url\" content=\"https:\/\/slatina-community.com\/index.php\/2026\/04\/13\/projekti-za-starije-osobe-na-podrucju-vpz-krecu-u-realizaciju-3\/\" \/>\n<meta property=\"og:site_name\" content=\"Crveni kriz Slatina\" \/>\n<meta property=\"article:published_time\" content=\"2026-04-13T20:26:27+00:00\" \/>\n<meta property=\"article:modified_time\" content=\"2026-04-25T20:44:25+00:00\" \/>\n<meta property=\"og:image\" content=\"https:\/\/slatina-community.com\/wp-content\/uploads\/2026\/04\/naslovna-slika.jpg\" \/>\n\t<meta property=\"og:image:width\" content=\"800\" \/>\n\t<meta property=\"og:image:height\" content=\"560\" \/>\n\t<meta property=\"og:image:type\" content=\"image\/jpeg\" \/>\n<meta name=\"author\" content=\"ck_slatina\" \/>\n<meta name=\"twitter:card\" content=\"summary_large_image\" \/>\n<meta name=\"twitter:label1\" content=\"Napisao\/la\" \/>\n\t<meta name=\"twitter:data1\" content=\"ck_slatina\" \/>\n\t<meta name=\"twitter:label2\" content=\"Procijenjeno vrijeme \u010ditanja\" \/>\n\t<meta name=\"twitter:data2\" content=\"3 minute\" \/>\n<script type=\"application\/ld+json\" class=\"yoast-schema-graph\">{\"@context\":\"https:\/\/schema.org\",\"@graph\":[{\"@type\":\"Article\",\"@id\":\"https:\/\/slatina-community.com\/index.php\/2026\/04\/13\/projekti-za-starije-osobe-na-podrucju-vpz-krecu-u-realizaciju-3\/#article\",\"isPartOf\":{\"@id\":\"https:\/\/slatina-community.com\/index.php\/2026\/04\/13\/projekti-za-starije-osobe-na-podrucju-vpz-krecu-u-realizaciju-3\/\"},\"author\":{\"name\":\"ck_slatina\",\"@id\":\"https:\/\/slatina-community.com\/#\/schema\/person\/42c448313f882e0c48966e8049636fd0\"},\"headline\":\"Projekti za starije osobe na podru\u010dju VP\u017d kre\u0107u u realizaciju\",\"datePublished\":\"2026-04-13T20:26:27+00:00\",\"dateModified\":\"2026-04-25T20:44:25+00:00\",\"mainEntityOfPage\":{\"@id\":\"https:\/\/slatina-community.com\/index.php\/2026\/04\/13\/projekti-za-starije-osobe-na-podrucju-vpz-krecu-u-realizaciju-3\/\"},\"wordCount\":513,\"publisher\":{\"@id\":\"https:\/\/slatina-community.com\/#organization\"},\"image\":{\"@id\":\"https:\/\/slatina-community.com\/index.php\/2026\/04\/13\/projekti-za-starije-osobe-na-podrucju-vpz-krecu-u-realizaciju-3\/#primaryimage\"},\"thumbnailUrl\":\"https:\/\/slatina-community.com\/wp-content\/uploads\/2026\/04\/naslovna-slika.jpg\",\"articleSection\":[\"Crveni kri\u017e\"],\"inLanguage\":\"hr\"},{\"@type\":\"WebPage\",\"@id\":\"https:\/\/slatina-community.com\/index.php\/2026\/04\/13\/projekti-za-starije-osobe-na-podrucju-vpz-krecu-u-realizaciju-3\/\",\"url\":\"https:\/\/slatina-community.com\/index.php\/2026\/04\/13\/projekti-za-starije-osobe-na-podrucju-vpz-krecu-u-realizaciju-3\/\",\"name\":\"Projekti za starije osobe na podru\u010dju VP\u017d kre\u0107u u realizaciju - Crveni kriz Slatina\",\"isPartOf\":{\"@id\":\"https:\/\/slatina-community.com\/#website\"},\"primaryImageOfPage\":{\"@id\":\"https:\/\/slatina-community.com\/index.php\/2026\/04\/13\/projekti-za-starije-osobe-na-podrucju-vpz-krecu-u-realizaciju-3\/#primaryimage\"},\"image\":{\"@id\":\"https:\/\/slatina-community.com\/index.php\/2026\/04\/13\/projekti-za-starije-osobe-na-podrucju-vpz-krecu-u-realizaciju-3\/#primaryimage\"},\"thumbnailUrl\":\"https:\/\/slatina-community.com\/wp-content\/uploads\/2026\/04\/naslovna-slika.jpg\",\"datePublished\":\"2026-04-13T20:26:27+00:00\",\"dateModified\":\"2026-04-25T20:44:25+00:00\",\"breadcrumb\":{\"@id\":\"https:\/\/slatina-community.com\/index.php\/2026\/04\/13\/projekti-za-starije-osobe-na-podrucju-vpz-krecu-u-realizaciju-3\/#breadcrumb\"},\"inLanguage\":\"hr\",\"potentialAction\":[{\"@type\":\"ReadAction\",\"target\":[\"https:\/\/slatina-community.com\/index.php\/2026\/04\/13\/projekti-za-starije-osobe-na-podrucju-vpz-krecu-u-realizaciju-3\/\"]}]},{\"@type\":\"ImageObject\",\"inLanguage\":\"hr\",\"@id\":\"https:\/\/slatina-community.com\/index.php\/2026\/04\/13\/projekti-za-starije-osobe-na-podrucju-vpz-krecu-u-realizaciju-3\/#primaryimage\",\"url\":\"https:\/\/slatina-community.com\/wp-content\/uploads\/2026\/04\/naslovna-slika.jpg\",\"contentUrl\":\"https:\/\/slatina-community.com\/wp-content\/uploads\/2026\/04\/naslovna-slika.jpg\",\"width\":800,\"height\":560},{\"@type\":\"BreadcrumbList\",\"@id\":\"https:\/\/slatina-community.com\/index.php\/2026\/04\/13\/projekti-za-starije-osobe-na-podrucju-vpz-krecu-u-realizaciju-3\/#breadcrumb\",\"itemListElement\":[{\"@type\":\"ListItem\",\"position\":1,\"name\":\"Home\",\"item\":\"https:\/\/slatina-community.com\/\"},{\"@type\":\"ListItem\",\"position\":2,\"name\":\"Projekti za starije osobe na podru\u010dju VP\u017d kre\u0107u u realizaciju\"}]},{\"@type\":\"WebSite\",\"@id\":\"https:\/\/slatina-community.com\/#website\",\"url\":\"https:\/\/slatina-community.com\/\",\"name\":\"Crveni kri\u017e Slatina\",\"description\":\"crveni-kri\u017e slatina\",\"publisher\":{\"@id\":\"https:\/\/slatina-community.com\/#organization\"},\"alternateName\":\"Gradsko dru\u0161tvo crvenog kri\u017ea Slatina\",\"potentialAction\":[{\"@type\":\"SearchAction\",\"target\":{\"@type\":\"EntryPoint\",\"urlTemplate\":\"https:\/\/slatina-community.com\/?s={search_term_string}\"},\"query-input\":\"required name=search_term_string\"}],\"inLanguage\":\"hr\"},{\"@type\":\"Organization\",\"@id\":\"https:\/\/slatina-community.com\/#organization\",\"name\":\"Crveni kri\u017e Slatina\",\"url\":\"https:\/\/slatina-community.com\/\",\"logo\":{\"@type\":\"ImageObject\",\"inLanguage\":\"hr\",\"@id\":\"https:\/\/slatina-community.com\/#\/schema\/logo\/image\/\",\"url\":\"https:\/\/slatina-community.com\/wp-content\/uploads\/2023\/04\/cropped-109-Slatina.png\",\"contentUrl\":\"https:\/\/slatina-community.com\/wp-content\/uploads\/2023\/04\/cropped-109-Slatina.png\",\"width\":1800,\"height\":512,\"caption\":\"Crveni kri\u017e Slatina\"},\"image\":{\"@id\":\"https:\/\/slatina-community.com\/#\/schema\/logo\/image\/\"}},{\"@type\":\"Person\",\"@id\":\"https:\/\/slatina-community.com\/#\/schema\/person\/42c448313f882e0c48966e8049636fd0\",\"name\":\"ck_slatina\",\"image\":{\"@type\":\"ImageObject\",\"inLanguage\":\"hr\",\"@id\":\"https:\/\/slatina-community.com\/#\/schema\/person\/image\/\",\"url\":\"https:\/\/secure.gravatar.com\/avatar\/09594c95c1a11481671b555f8e2ece2ef603f0ff9ad0ed006c0659fc0de2788b?s=96&d=mm&r=g\",\"contentUrl\":\"https:\/\/secure.gravatar.com\/avatar\/09594c95c1a11481671b555f8e2ece2ef603f0ff9ad0ed006c0659fc0de2788b?s=96&d=mm&r=g\",\"caption\":\"ck_slatina\"},\"sameAs\":[\"https:\/\/slatina-community.com\"],\"url\":\"https:\/\/slatina-community.com\/index.php\/author\/ck_slatina\/\"}]}<\/script>\n<!-- \/ Yoast SEO plugin. -->","yoast_head_json":{"title":"Projekti za starije osobe na podru\u010dju VP\u017d kre\u0107u u realizaciju - Crveni kriz Slatina","robots":{"index":"index","follow":"follow","max-snippet":"max-snippet:-1","max-image-preview":"max-image-preview:large","max-video-preview":"max-video-preview:-1"},"canonical":"https:\/\/slatina-community.com\/index.php\/2026\/04\/13\/projekti-za-starije-osobe-na-podrucju-vpz-krecu-u-realizaciju-3\/","og_locale":"hr_HR","og_type":"article","og_title":"Projekti za starije osobe na podru\u010dju VP\u017d kre\u0107u u realizaciju - Crveni kriz Slatina","og_description":"U Vili dobre vode u Lipiku u ponedjeljak, 13. travnja, odr\u017eana je sve\u010dana dodjela ugovora u sklopu\u00a0ESF+ poziva \u201e\u0160irenje mre\u017ee socijalnih usluga u zajednici\u201c.\u00a0Rije\u010d je o zna\u010dajnom ulaganju u sustav socijalne skrbi kojim se nastoji unaprijediti dostupnost i kvaliteta usluga za najranjivije skupine stanovni\u0161tva na podru\u010dju Slavonije. Sve\u010danosti su nazo\u010dili ministar rada, mirovinskoga sustava, obitelji [&hellip;]","og_url":"https:\/\/slatina-community.com\/index.php\/2026\/04\/13\/projekti-za-starije-osobe-na-podrucju-vpz-krecu-u-realizaciju-3\/","og_site_name":"Crveni kriz Slatina","article_published_time":"2026-04-13T20:26:27+00:00","article_modified_time":"2026-04-25T20:44:25+00:00","og_image":[{"width":800,"height":560,"url":"https:\/\/slatina-community.com\/wp-content\/uploads\/2026\/04\/naslovna-slika.jpg","type":"image\/jpeg"}],"author":"ck_slatina","twitter_card":"summary_large_image","twitter_misc":{"Napisao\/la":"ck_slatina","Procijenjeno vrijeme \u010ditanja":"3 minute"},"schema":{"@context":"https:\/\/schema.org","@graph":[{"@type":"Article","@id":"https:\/\/slatina-community.com\/index.php\/2026\/04\/13\/projekti-za-starije-osobe-na-podrucju-vpz-krecu-u-realizaciju-3\/#article","isPartOf":{"@id":"https:\/\/slatina-community.com\/index.php\/2026\/04\/13\/projekti-za-starije-osobe-na-podrucju-vpz-krecu-u-realizaciju-3\/"},"author":{"name":"ck_slatina","@id":"https:\/\/slatina-community.com\/#\/schema\/person\/42c448313f882e0c48966e8049636fd0"},"headline":"Projekti za starije osobe na podru\u010dju VP\u017d kre\u0107u u realizaciju","datePublished":"2026-04-13T20:26:27+00:00","dateModified":"2026-04-25T20:44:25+00:00","mainEntityOfPage":{"@id":"https:\/\/slatina-community.com\/index.php\/2026\/04\/13\/projekti-za-starije-osobe-na-podrucju-vpz-krecu-u-realizaciju-3\/"},"wordCount":513,"publisher":{"@id":"https:\/\/slatina-community.com\/#organization"},"image":{"@id":"https:\/\/slatina-community.com\/index.php\/2026\/04\/13\/projekti-za-starije-osobe-na-podrucju-vpz-krecu-u-realizaciju-3\/#primaryimage"},"thumbnailUrl":"https:\/\/slatina-community.com\/wp-content\/uploads\/2026\/04\/naslovna-slika.jpg","articleSection":["Crveni kri\u017e"],"inLanguage":"hr"},{"@type":"WebPage","@id":"https:\/\/slatina-community.com\/index.php\/2026\/04\/13\/projekti-za-starije-osobe-na-podrucju-vpz-krecu-u-realizaciju-3\/","url":"https:\/\/slatina-community.com\/index.php\/2026\/04\/13\/projekti-za-starije-osobe-na-podrucju-vpz-krecu-u-realizaciju-3\/","name":"Projekti za starije osobe na podru\u010dju VP\u017d kre\u0107u u realizaciju - Crveni kriz Slatina","isPartOf":{"@id":"https:\/\/slatina-community.com\/#website"},"primaryImageOfPage":{"@id":"https:\/\/slatina-community.com\/index.php\/2026\/04\/13\/projekti-za-starije-osobe-na-podrucju-vpz-krecu-u-realizaciju-3\/#primaryimage"},"image":{"@id":"https:\/\/slatina-community.com\/index.php\/2026\/04\/13\/projekti-za-starije-osobe-na-podrucju-vpz-krecu-u-realizaciju-3\/#primaryimage"},"thumbnailUrl":"https:\/\/slatina-community.com\/wp-content\/uploads\/2026\/04\/naslovna-slika.jpg","datePublished":"2026-04-13T20:26:27+00:00","dateModified":"2026-04-25T20:44:25+00:00","breadcrumb":{"@id":"https:\/\/slatina-community.com\/index.php\/2026\/04\/13\/projekti-za-starije-osobe-na-podrucju-vpz-krecu-u-realizaciju-3\/#breadcrumb"},"inLanguage":"hr","potentialAction":[{"@type":"ReadAction","target":["https:\/\/slatina-community.com\/index.php\/2026\/04\/13\/projekti-za-starije-osobe-na-podrucju-vpz-krecu-u-realizaciju-3\/"]}]},{"@type":"ImageObject","inLanguage":"hr","@id":"https:\/\/slatina-community.com\/index.php\/2026\/04\/13\/projekti-za-starije-osobe-na-podrucju-vpz-krecu-u-realizaciju-3\/#primaryimage","url":"https:\/\/slatina-community.com\/wp-content\/uploads\/2026\/04\/naslovna-slika.jpg","contentUrl":"https:\/\/slatina-community.com\/wp-content\/uploads\/2026\/04\/naslovna-slika.jpg","width":800,"height":560},{"@type":"BreadcrumbList","@id":"https:\/\/slatina-community.com\/index.php\/2026\/04\/13\/projekti-za-starije-osobe-na-podrucju-vpz-krecu-u-realizaciju-3\/#breadcrumb","itemListElement":[{"@type":"ListItem","position":1,"name":"Home","item":"https:\/\/slatina-community.com\/"},{"@type":"ListItem","position":2,"name":"Projekti za starije osobe na podru\u010dju VP\u017d kre\u0107u u realizaciju"}]},{"@type":"WebSite","@id":"https:\/\/slatina-community.com\/#website","url":"https:\/\/slatina-community.com\/","name":"Crveni kri\u017e Slatina","description":"crveni-kri\u017e slatina","publisher":{"@id":"https:\/\/slatina-community.com\/#organization"},"alternateName":"Gradsko dru\u0161tvo crvenog kri\u017ea Slatina","potentialAction":[{"@type":"SearchAction","target":{"@type":"EntryPoint","urlTemplate":"https:\/\/slatina-community.com\/?s={search_term_string}"},"query-input":"required name=search_term_string"}],"inLanguage":"hr"},{"@type":"Organization","@id":"https:\/\/slatina-community.com\/#organization","name":"Crveni kri\u017e Slatina","url":"https:\/\/slatina-community.com\/","logo":{"@type":"ImageObject","inLanguage":"hr","@id":"https:\/\/slatina-community.com\/#\/schema\/logo\/image\/","url":"https:\/\/slatina-community.com\/wp-content\/uploads\/2023\/04\/cropped-109-Slatina.png","contentUrl":"https:\/\/slatina-community.com\/wp-content\/uploads\/2023\/04\/cropped-109-Slatina.png","width":1800,"height":512,"caption":"Crveni kri\u017e Slatina"},"image":{"@id":"https:\/\/slatina-community.com\/#\/schema\/logo\/image\/"}},{"@type":"Person","@id":"https:\/\/slatina-community.com\/#\/schema\/person\/42c448313f882e0c48966e8049636fd0","name":"ck_slatina","image":{"@type":"ImageObject","inLanguage":"hr","@id":"https:\/\/slatina-community.com\/#\/schema\/person\/image\/","url":"https:\/\/secure.gravatar.com\/avatar\/09594c95c1a11481671b555f8e2ece2ef603f0ff9ad0ed006c0659fc0de2788b?s=96&d=mm&r=g","contentUrl":"https:\/\/secure.gravatar.com\/avatar\/09594c95c1a11481671b555f8e2ece2ef603f0ff9ad0ed006c0659fc0de2788b?s=96&d=mm&r=g","caption":"ck_slatina"},"sameAs":["https:\/\/slatina-community.com"],"url":"https:\/\/slatina-community.com\/index.php\/author\/ck_slatina\/"}]}},"jetpack_featured_media_url":"https:\/\/slatina-community.com\/wp-content\/uploads\/2026\/04\/naslovna-slika.jpg","_links":{"self":[{"href":"https:\/\/slatina-community.com\/index.php\/wp-json\/wp\/v2\/posts\/2667","targetHints":{"allow":["GET"]}}],"collection":[{"href":"https:\/\/slatina-community.com\/index.php\/wp-json\/wp\/v2\/posts"}],"about":[{"href":"https:\/\/slatina-community.com\/index.php\/wp-json\/wp\/v2\/types\/post"}],"author":[{"embeddable":true,"href":"https:\/\/slatina-community.com\/index.php\/wp-json\/wp\/v2\/users\/1"}],"replies":[{"embeddable":true,"href":"https:\/\/slatina-community.com\/index.php\/wp-json\/wp\/v2\/comments?post=2667"}],"version-history":[{"count":4,"href":"https:\/\/slatina-community.com\/index.php\/wp-json\/wp\/v2\/posts\/2667\/revisions"}],"predecessor-version":[{"id":2682,"href":"https:\/\/slatina-community.com\/index.php\/wp-json\/wp\/v2\/posts\/2667\/revisions\/2682"}],"wp:featuredmedia":[{"embeddable":true,"href":"https:\/\/slatina-community.com\/index.php\/wp-json\/wp\/v2\/media\/2660"}],"wp:attachment":[{"href":"https:\/\/slatina-community.com\/index.php\/wp-json\/wp\/v2\/media?parent=2667"}],"wp:term":[{"taxonomy":"category","embeddable":true,"href":"https:\/\/slatina-community.com\/index.php\/wp-json\/wp\/v2\/categories?post=2667"},{"taxonomy":"post_tag","embeddable":true,"href":"https:\/\/slatina-community.com\/index.php\/wp-json\/wp\/v2\/tags?post=2667"}],"curies":[{"name":"wp","href":"https:\/\/api.w.org\/{rel}","templated":true}]}}