{"id":1608,"date":"2024-02-16T10:52:08","date_gmt":"2024-02-16T09:52:08","guid":{"rendered":"https:\/\/slatina-community.com\/?p=1608"},"modified":"2024-03-12T12:45:27","modified_gmt":"2024-03-12T11:45:27","slug":"javni-poziv-za-prikupljanje-korisnika-zazeli-prevencija-institucionalizacije","status":"publish","type":"post","link":"https:\/\/slatina-community.com\/index.php\/2024\/02\/16\/javni-poziv-za-prikupljanje-korisnika-zazeli-prevencija-institucionalizacije\/","title":{"rendered":"Javni poziv za prikupljanje korisnika &#8211; Za\u017eeli &#8211; prevencija institucionalizacije"},"content":{"rendered":"\t\t<div data-elementor-type=\"wp-post\" data-elementor-id=\"1608\" class=\"elementor elementor-1608\">\n\t\t\t\t<div class=\"elementor-element elementor-element-5ba1aa5 e-flex e-con-boxed wpr-particle-no wpr-jarallax-no wpr-parallax-no wpr-sticky-section-no e-con e-parent\" data-id=\"5ba1aa5\" data-element_type=\"container\">\n\t\t\t\t\t<div class=\"e-con-inner\">\n\t\t\t\t<div class=\"elementor-element elementor-element-10e4b9a elementor-widget elementor-widget-heading\" data-id=\"10e4b9a\" data-element_type=\"widget\" data-widget_type=\"heading.default\">\n\t\t\t\t<div class=\"elementor-widget-container\">\n\t\t\t<style>\/*! elementor - v3.21.0 - 18-04-2024 *\/\n.elementor-heading-title{padding:0;margin:0;line-height:1}.elementor-widget-heading .elementor-heading-title[class*=elementor-size-]>a{color:inherit;font-size:inherit;line-height:inherit}.elementor-widget-heading .elementor-heading-title.elementor-size-small{font-size:15px}.elementor-widget-heading .elementor-heading-title.elementor-size-medium{font-size:19px}.elementor-widget-heading .elementor-heading-title.elementor-size-large{font-size:29px}.elementor-widget-heading .elementor-heading-title.elementor-size-xl{font-size:39px}.elementor-widget-heading .elementor-heading-title.elementor-size-xxl{font-size:59px}<\/style><h2 class=\"elementor-heading-title elementor-size-default\">Javni poziv za iskaz interesa za sudjelovanje u projektu<p>Za\u017eeli - prevencija institucionalizacije - \"Za \u017eivot kakav zaslu\u017euju\n4\"<\/p><\/h2>\t\t<\/div>\n\t\t\t\t<\/div>\n\t\t\t\t<div class=\"elementor-element elementor-element-bbd3339 elementor-widget elementor-widget-image\" data-id=\"bbd3339\" data-element_type=\"widget\" data-widget_type=\"image.default\">\n\t\t\t\t<div class=\"elementor-widget-container\">\n\t\t\t<style>\/*! elementor - v3.21.0 - 18-04-2024 *\/\n.elementor-widget-image{text-align:center}.elementor-widget-image a{display:inline-block}.elementor-widget-image a img[src$=\".svg\"]{width:48px}.elementor-widget-image img{vertical-align:middle;display:inline-block}<\/style>\t\t\t\t\t\t\t\t\t\t<img fetchpriority=\"high\" decoding=\"async\" width=\"960\" height=\"582\" src=\"https:\/\/slatina-community.com\/wp-content\/uploads\/2024\/02\/logotip_ZAZELI_pozitiv_boja_RGB-1024x621.jpg\" class=\"attachment-large size-large wp-image-1610\" alt=\"\" srcset=\"https:\/\/slatina-community.com\/wp-content\/uploads\/2024\/02\/logotip_ZAZELI_pozitiv_boja_RGB-1024x621.jpg 1024w, https:\/\/slatina-community.com\/wp-content\/uploads\/2024\/02\/logotip_ZAZELI_pozitiv_boja_RGB-300x182.jpg 300w, https:\/\/slatina-community.com\/wp-content\/uploads\/2024\/02\/logotip_ZAZELI_pozitiv_boja_RGB-768x466.jpg 768w, https:\/\/slatina-community.com\/wp-content\/uploads\/2024\/02\/logotip_ZAZELI_pozitiv_boja_RGB-1536x931.jpg 1536w, https:\/\/slatina-community.com\/wp-content\/uploads\/2024\/02\/logotip_ZAZELI_pozitiv_boja_RGB.jpg 1661w\" sizes=\"(max-width: 960px) 100vw, 960px\" \/>\t\t\t\t\t\t\t\t\t\t\t\t\t<\/div>\n\t\t\t\t<\/div>\n\t\t\t\t<div class=\"elementor-element elementor-element-0e9c276 elementor-widget elementor-widget-text-editor\" data-id=\"0e9c276\" data-element_type=\"widget\" data-widget_type=\"text-editor.default\">\n\t\t\t\t<div class=\"elementor-widget-container\">\n\t\t\t<style>\/*! elementor - v3.21.0 - 18-04-2024 *\/\n.elementor-widget-text-editor.elementor-drop-cap-view-stacked .elementor-drop-cap{background-color:#69727d;color:#fff}.elementor-widget-text-editor.elementor-drop-cap-view-framed .elementor-drop-cap{color:#69727d;border:3px solid;background-color:transparent}.elementor-widget-text-editor:not(.elementor-drop-cap-view-default) .elementor-drop-cap{margin-top:8px}.elementor-widget-text-editor:not(.elementor-drop-cap-view-default) .elementor-drop-cap-letter{width:1em;height:1em}.elementor-widget-text-editor .elementor-drop-cap{float:left;text-align:center;line-height:1;font-size:50px}.elementor-widget-text-editor .elementor-drop-cap-letter{display:inline-block}<\/style>\t\t\t\t<p>KLASA: 442-01\/24-04<\/p><p>URBROJ: 2189-2-11-08-24-4<\/p><p>Slatina, 16.02.2024.<\/p><p>Na temelju Odluke o financiranju Ministarstva rada, mirovinskog sustava, obitelji i socijalne politike KLASA: 984-01\/23-01\/29, URBROJ: 524-07-02-01-01\/2-24-19 od 08. velja\u010de 2024. i Ugovora o dodjeli bespovratnih sredstava Kodni broj: SF.3.4.11.01.0329 od 14.02.2024. godine u okviru Programa U\u010dinkoviti ljudski potencijali 2021-2027., Hrvatski Crveni kri\u017e Gradsko dru\u0161tvo Crvenog kri\u017ea Slatina raspisuje<\/p><p>JAVNI POZIV\u00a0 ZA ISKAZ INTERESA ZA SUDJELOVANJE U PROJEKTU<\/p><p>\u201eZa \u017eivot kakav zaslu\u017euju 4\u201c<\/p><p>Javni poziv za iskaz interesa objavljuje se radi informiranja zainteresiranih sudionika za uklju\u010divanje u projektne aktivnosti odnosno o mogu\u0107nostima sudjelovanja u projektu Za \u017eivot kakav zaslu\u017euju kojim \u0107e se sudionicima projekta pru\u017eiti usluga potpore i podr\u0161ke u svakodnevnom \u017eivotu.<\/p><p>Usluga potpore i podr\u0161ke u svakodnevnom \u017eivotu starijim osobama i osobama s invaliditetom uklju\u010duje:<\/p><p>-organiziranje prehrane (pomo\u0107 u pripremi obroka, pomo\u0107 u nabavi hrane i dr.) i\/ili<\/p><p>obavljanje ku\u0107anskih poslova (pranje posu\u0111a, pospremanje stambenog prostora, dono\u0161enje vode, ogrjeva i sli\u010dno, organiziranje pranja i gla\u010danja rublja, nabava lijekova i drugih potrep\u0161tina i dr.) i\/ili<\/p><p>odr\u017eavanje osobne higijene (pomo\u0107 u obla\u010denju i svla\u010denju, u kupanju i obavljanju drugih higijenskih potreba i dr. ) i\/ili<\/p><p>zadovoljavanje drugih svakodnevnih potreba.<\/p><p>Usluga potpore i podr\u0161ke u svakodnevnom \u017eivotu pru\u017eat \u0107e se za ukupno 162 starijih osoba i osoba s invaliditetom sa podru\u010dja grada Slatine, op\u0107ina Mikleu\u0161, Nova Bukovica i Vo\u0107in.<\/p><p>Usluga se po\u010dinje pru\u017eati od 4. o\u017eujka 2024. godine.<\/p><p>UVJETI PRIHVATLJIVOSTI ZA SUDIONIKE PROJEKTA<\/p><p>Na Javni poziv za iskaz interesa mogu se prijaviti ciljne skupine ovog Javnog poziva odnosno osobe starije od 65 godina i odrasle osobe s invaliditetom koje ispunjavaju sljede\u0107e uvjete:<\/p><p>Osobe starije od 65 godina:<\/p><p>koje \u017eive u sama\u010dkom ili dvo\u010dlanom ku\u0107anstvu u kojem ne moraju obje osobe biti pripadnici ciljne skupine ili vi\u0161e\u010dlanom ku\u0107anstvu u kojem svi \u010dlanovi ku\u0107anstva moraju biti pripadnici ciljne skupine ovog Poziva i<\/p><p>\u010diji mjese\u010dni prihodi:<\/p><p>za sama\u010dka ku\u0107anstva ne prelaze iznos 120% prosje\u010dne starosne mirovine za 40 i vi\u0161e godina mirovinskog sta\u017ea u mjesecu koji prethodi uklju\u010divanju u aktivnost projekta ili u mjesecu prije ukoliko HZMO jo\u0161 nije izdao podatke za mjesec koji prethodi uklju\u010divanju u aktivnosti projekta<\/p><p>za dvo\u010dlana ku\u0107anstva ukupno ne prelaze iznos od 200% prosje\u010dne starosne mirovine za 40 i vi\u0161e godina mirovinskog sta\u017ea u mjesecu koji prethodi uklju\u010divanju u aktivnost projekta ili u mjesecu prije ukoliko HZMO jo\u0161 nije izdao podatke za mjesec koji prethodi uklju\u010divanju u aktivnosti projekta<\/p><p>za vi\u0161e\u010dlana ku\u0107anstva ukupno ne prelaze iznos od 300% prosje\u010dne starosne mirovine za 40 i vi\u0161e godina mirovinskog sta\u017ea u mjesecu koji prethodi uklju\u010divanju u aktivnost projekta ili u mjesecu prije ukoliko HZMO jo\u0161 nije izdao podatke za mjesec koji prethodi uklju\u010divanju u aktivnosti projekta i<\/p><p>koji istovremeno ne koriste sljede\u0107e usluge: usluga pomo\u0107i u ku\u0107i, boravka, organiziranog stanovanja, smje\u0161taja, osobne asistencije koju pru\u017ea osobni asistent<\/p><p>te<\/p><p>Odrasle osobe s invaliditetom:<\/p><p>koje \u017eive u sama\u010dkom ili dvo\u010dlanom ku\u0107anstvu u kojem ne moraju obje osobe biti pripadnici ciljne skupine ili vi\u0161e\u010dlanom ku\u0107anstvu u kojem svi \u010dlanovi ku\u0107anstva moraju biti pripadnici ciljne skupine ovog Poziva i<\/p><p>koje imaju utvr\u0111en tre\u0107i ili \u010detvrti stupanj te\u017eine invaliditeta\u2013o\u0161te\u0107enja funkcionalnih sposobnosti prema propisima o vje\u0161ta\u010denju i metodologijama vje\u0161ta\u010denja i<\/p><p>koji istovremeno ne koriste sljede\u0107e usluge: usluga pomo\u0107i u ku\u0107i, boravka, organiziranog stanovanja, smje\u0161taja, osobne asistencije koju pru\u017ea osobni asistent i<\/p><p>\u010diji roditelj ili drugi \u010dlan obitelji nema priznato pravo na status roditelja njegovatelja ili status njegovatelja za potrebu skrbi o njoj.<\/p><p>DOKAZNA DOKUMENTACIJA<\/p><p>Prilikom prijave na Javni poziv potrebno je dostaviti sljede\u0107u dokaznu dokumentaciju:<\/p><p>-Prijavni obrazac za sudjelovanje u projektu<\/p><p>-Izjavu o broju \u010dlanova ku\u0107anstva<\/p><p>Osobe starije od 65 godina:<\/p><p>-Preslika osobne iskaznice, putovnice ili dokumenta jednake ili sli\u010dne vrijednosti iz kojeg je nedvojbeno mogu\u0107e utvrditi identitet i dob sudionika i<\/p><p>-Potvrda Porezne uprave o visini dohodaka i primitaka za zadnji dostupni mjesec koji je dostupan u evidenciji Porezne uprave.<\/p><p>*(u slu\u010daju dvo\u010dlanog ku\u0107anstva i vi\u0161e\u010dlanog ku\u0107anstva potvrdu je potrebno dostaviti i za svakog \u010dlana ku\u0107anstva) i<\/p><p>-Izjavu o broju \u010dlanova ku\u0107anstva i ispunjen Prijavni obrazac za sudjelovanje u projektu<\/p><p>Odrasle osobe s invaliditetom:<\/p><p>-Preslika osobne iskaznice, putovnice ili dokumenta jednake ili sli\u010dne vrijednosti iz kojeg je nedvojbeno mogu\u0107e utvrditi identitet i dob sudionika i<\/p><p>-Izjava o broju \u010dlanova ku\u0107anstva i ispunjen Prijavni obrazac za sudjelovanje u projektu<\/p><p>-Potvrda o upisu u Registar osoba s invaliditetom iz koje je vidljivo da osoba ima o\u0161te\u0107enje tre\u0107eg ili \u010detvrtog stupnja te\u017eine invaliditeta \u2013 o\u0161te\u0107enja funkcionalnih sposobnosti ili nalaz i mi\u0161ljenje Zavoda za vje\u0161ta\u010denje, profesionalnu rehabilitaciju i zapo\u0161ljavanje osoba s invaliditetom u kojem je naveden tre\u0107i ili \u010detvrti stupanj te\u017eine invaliditeta \u2013 o\u0161te\u0107enja funkcionalnih sposobnosti<\/p><p>Napomena: Prijavni obrazac za sudjelovanje u projektu i Izjavu o broju \u010dlanova ku\u0107anstva trebaju dostaviti i osobe starije od 65 godina i odrasle osobe s invaliditetom. Prijavni obrazac i Izjava su prilog ovom Pozivu ali ih se mo\u017ee i osobno preuzeti u prostorijama Hrvatskog Crvenog kri\u017ea Gradskog dru\u0161tva Crvenog kri\u017ea Slatina, Bra\u0107e Radi\u0107a 13a, Slatina.<\/p><p>NA\u010cIN I ROK PRIJAVE<\/p><p>Prijave na Javni poziv za iskaz interesa zaprimaju se od 16. velja\u010de 2024.g. od 07:00 do 15:00 sati. Prijava sa potrebnom dokumentacijom se mo\u017ee poslati po\u0161tom ili osobno predati na adresi (radnim danom od 7:00h do 15:00 sati):<\/p><p>Hrvatski Crveni kri\u017e Gradsko dru\u0161tvo Crvenog kri\u017ea Slatina<\/p><p>Bra\u0107e Radi\u0107a 13a<\/p><p>33520 Slatina<\/p><p>NA\u010cIN ODABIRA SUDIONIKA U PROJEKTU<\/p><p>Nakon zaprimanja svih iskaza interesa sa pripadaju\u0107om dokumentacijom zaprimljenih u roku, vr\u0161it \u0107e se odabir sudionika koji \u0107e biti uklju\u010deni u projekt.<\/p><p>Odabir \u0107e se vr\u0161iti temeljem osnovnog kriterija-dokazane pripadnosti ciljnoj skupini te ukoliko bude potrebe temeljem dodatnog kriterija.<\/p><p>Kriterij: Dokazana pripadnost ciljnoj skupini<\/p><p>U trenutku prijave, kako bi se osobu koja je podnijela iskaz interesa, moglo odabrati za sudjelovanje u projektu potrebno je da u svom iskazu interesa, odnosno prijavnom obrascu za sudjelovanje u projektu i prilo\u017eenom dokaznom dokumentacijom doka\u017ee da je pripadnik ciljne skupine odnosno da ispunjava sljede\u0107e uvjete (uvjete za ciljnu skupinu propisane Pozivom SF.3.4.11.01.):<\/p><p>Osobe starije od 65 godina:<\/p><p>koje \u017eive u sama\u010dkom ili dvo\u010dlanom ku\u0107anstvu ili vi\u0161e\u010dlanom ku\u0107anstvu u kojem su svi \u010dlanovi ku\u0107anstva pripadnici ciljnih skupina ovog Poziva i<\/p><p>\u010diji mjese\u010dni prihodi:<\/p><p>-za sama\u010dka ku\u0107anstva ne prelaze iznos 120% prosje\u010dne starosne mirovine za 40 i vi\u0161e godina mirovinskog sta\u017ea u mjesecu koji prethodi uklju\u010divanju u aktivnost projekta ili u mjesecu prije ukoliko HZMO jo\u0161 nije izdao podatke za mjesec koji prethodi uklju\u010divanju u aktivnosti projekta<\/p><p>-za dvo\u010dlana ku\u0107anstva ukupno ne prelaze iznos od 200% prosje\u010dne starosne mirovine za 40 i vi\u0161e godina mirovinskog sta\u017ea u mjesecu koji prethodi uklju\u010divanju u aktivnost projekta ili u mjesecu prije ukoliko HZMO jo\u0161 nije izdao podatke za mjesec koji prethodi uklju\u010divanju u aktivnosti projekta<\/p><p>\u2013 za vi\u0161e\u010dlana ku\u0107anstva ukupno ne prelaze iznos od 300% prosje\u010dne starosne mirovine za 40 i vi\u0161e godina mirovinskog sta\u017ea u mjesecu koji prethodi uklju\u010divanju u aktivnost projekta ili u mjesecu prije ukoliko HZMO jo\u0161 nije izdao podatke za mjesec koji prethodi uklju\u010divanju u aktivnosti projekta i<\/p><p>koji istovremeno ne koriste sljede\u0107e usluge-usluga pomo\u0107i u ku\u0107i, boravka, organiziranog stanovanja, smje\u0161taja, osobne asistencije koju pru\u017ea osobni asistent, te<\/p><p>Odrasle osobe s invaliditetom:<\/p><p>koje \u017eive u sama\u010dkom ili dvo\u010dlanom ku\u0107anstvu ili vi\u0161e\u010dlanom ku\u0107anstvu u kojem su svi \u010dlanovi ku\u0107anstva pripadnici ciljnih skupina ovog Poziva i<\/p><p>koje imaju utvr\u0111en tre\u0107i ili \u010detvrti stupanj te\u017eine invaliditeta\u2013o\u0161te\u0107enja funkcionalnih sposobnosti prema propisima o vje\u0161ta\u010denju i metodologijama vje\u0161ta\u010denja i<\/p><p>koji istovremeno ne koriste sljede\u0107e usluge: usluga pomo\u0107i u ku\u0107i, boravka, organiziranog stanovanja, smje\u0161taja, osobne asistencije koju pru\u017ea osobni asistent, i<\/p><p>\u010diji roditelj ili drugi \u010dlan obitelji nema priznato pravo na status roditelja njegovatelja ili status njegovatelja za potrebu skrbi o njoj.<\/p><p>Osobe koje su\u00a0 zadovoljile osnovni kriterij, ulaze u daljnji proces odabira te \u0107e se sastaviti rang liste za podru\u010dje grada Slatine, op\u0107ina Nova Bukovica, Mikleu\u0161 i Vo\u0107in, a prema datumu i vremenu zaprimanja prijava na Javni poziv za iskaz interesa te \u0107e prednost imati osobe \u010diji su iskazi interesa ranije zaprimljeni.<\/p><p>Ukoliko dvije ili vi\u0161e prijava na Javni poziv za iskaz interesa ima isti datum i vrijeme zaprimanja, primjenjuje se dodatni kriterij: Visina mjese\u010dnih prihoda. Prijave na Javni poziv za iskaz interesa koje imaju zadovoljen osnovni kriterij, te isti datum i vrijeme zaprimanja, prednost prilikom odabira imat \u0107e prijave tj. iskazi interesa odnosno osobe koje imaju manje mjese\u010dne prihode.<\/p><p>Rang liste \u0107e biti dostupne u prostorijama Hrvatskog Crvenog kri\u017ea Gradskog dru\u0161tva Crvenog kri\u017ea Slatina.<\/p><p>PRIKUPLJANJE OSOBNIH PODATAKA<\/p><p>Svi osobni podaci prikupljeni na temelju ovog Javnog poziva prikupljaju se i obra\u0111uju u svrhu provedbe Javnog poziva i obrade iskaza interesa, provedbe i kontrole projekta Za \u017eivot kakav zaslu\u017euju 4 SF.3.4.11.01. 0329, u skladu s propisima koji ure\u0111uju za\u0161titu osobnih i drugih podataka, posebno Uredbom (EU) 2016\/679 Europskog parlamenta i Vije\u0107a od 27. travnja 2016. o za\u0161titi pojedinaca u vezi s obradom osobnih podataka i o slobodnom kretanju takvih podataka te o stavljanju izvan snage Direktive 95\/46\/EZ (Op\u0107a uredba o za\u0161titi podataka), te odredbama Zakona o provedbi Op\u0107e uredbe o za\u0161titi podataka (\u201eNarodne novine\u201c, broj 42\/18).<\/p><p>Sve dodatne upite vezane uz Javni poziv za iskaz interesa i program Za \u017eivot kakav zaslu\u017euju 4 mo\u017eete poslati na mail ce.kaj13@gmail.<\/p><p>Ravnatelj<\/p><p>Vladimir Jelen\u010di\u0107<\/p><p>Javni poziv za iskaz interesa za sudjelovanje u projektu:\u00a0<a style=\"font-family: var( --e-global-typography-text-font-family ), Sans-serif;font-weight: var( --e-global-typography-text-font-weight );text-align: var(--text-align);background-color: #ffffff\" href=\"https:\/\/slatina-community.com\/wp-content\/uploads\/2024\/02\/Javni-poziv-za-iskaz-interesa-za-sudjelovanje-u-projektu-Zazeli-pdf.pdf\">Javni poziv za iskaz interesa za sudjelovanje u projektu<\/a><\/p><p>Prijavni obrazac za sudjelovanje u projektu:\u00a0<a style=\"font-family: var( --e-global-typography-text-font-family ), Sans-serif;font-weight: var( --e-global-typography-text-font-weight );text-align: var(--text-align);background-color: #ffffff\" href=\"https:\/\/slatina-community.com\/wp-content\/uploads\/2024\/02\/Prijavni-obrazac-za-sudjelovanje-u-projektu-Zazeli-pdf.pdf\">Prijavni obrazac za sudjelovanje u projektu<\/a><\/p><p>Izjava o davanju suglasnosti za kori\u0161tenje osobnih podataka:\u00a0<a style=\"font-family: var( --e-global-typography-text-font-family ), Sans-serif;font-weight: var( --e-global-typography-text-font-weight );text-align: var(--text-align);background-color: #ffffff\" href=\"https:\/\/slatina-community.com\/wp-content\/uploads\/2024\/02\/Izjave-o-davanju-suglasnosti-za-koristenje-osobnih-podataka-Zazeli-pdf.pdf\">Izjave o davanju suglasnosti za kori\u0161tenje osobnih podatak<\/a><\/p><p>Izjava o \u010dlanovima zajedni\u010dkog ku\u0107anstva:\u00a0<a style=\"font-family: var( --e-global-typography-text-font-family ), Sans-serif;font-weight: var( --e-global-typography-text-font-weight );text-align: var(--text-align);background-color: #ffffff\" href=\"https:\/\/slatina-community.com\/wp-content\/uploads\/2024\/02\/Izjava-o-clanovima-zajednickog-kucanstva-pdf.pdf\">Izjava o \u010dlanovima zajedni\u010dkog ku\u0107anstva<\/a><\/p><p>\u00a0<\/p>\t\t\t\t\t\t<\/div>\n\t\t\t\t<\/div>\n\t\t\t\t\t<\/div>\n\t\t\t\t<\/div>\n\t\t<div class=\"elementor-element elementor-element-5c3adf6 e-flex e-con-boxed wpr-particle-no wpr-jarallax-no wpr-parallax-no wpr-sticky-section-no e-con e-parent\" data-id=\"5c3adf6\" data-element_type=\"container\">\n\t\t\t\t\t<div class=\"e-con-inner\">\n\t\t\t\t<div class=\"elementor-element elementor-element-f392888 elementor-widget elementor-widget-image\" data-id=\"f392888\" data-element_type=\"widget\" data-widget_type=\"image.default\">\n\t\t\t\t<div class=\"elementor-widget-container\">\n\t\t\t\t\t\t\t\t\t\t\t\t\t<img decoding=\"async\" width=\"960\" height=\"582\" src=\"https:\/\/slatina-community.com\/wp-content\/uploads\/2024\/02\/logotip_ZAZELI_pozitiv_boja_RGB-1-1024x621.jpg\" class=\"attachment-large size-large wp-image-1622\" alt=\"\" srcset=\"https:\/\/slatina-community.com\/wp-content\/uploads\/2024\/02\/logotip_ZAZELI_pozitiv_boja_RGB-1-1024x621.jpg 1024w, https:\/\/slatina-community.com\/wp-content\/uploads\/2024\/02\/logotip_ZAZELI_pozitiv_boja_RGB-1-300x182.jpg 300w, https:\/\/slatina-community.com\/wp-content\/uploads\/2024\/02\/logotip_ZAZELI_pozitiv_boja_RGB-1-768x466.jpg 768w, https:\/\/slatina-community.com\/wp-content\/uploads\/2024\/02\/logotip_ZAZELI_pozitiv_boja_RGB-1-1536x931.jpg 1536w, https:\/\/slatina-community.com\/wp-content\/uploads\/2024\/02\/logotip_ZAZELI_pozitiv_boja_RGB-1.jpg 1661w\" sizes=\"(max-width: 960px) 100vw, 960px\" \/>\t\t\t\t\t\t\t\t\t\t\t\t\t<\/div>\n\t\t\t\t<\/div>\n\t\t\t\t\t<\/div>\n\t\t\t\t<\/div>\n\t\t<div class=\"elementor-element elementor-element-9375fdf e-flex e-con-boxed wpr-particle-no wpr-jarallax-no wpr-parallax-no wpr-sticky-section-no e-con e-parent\" data-id=\"9375fdf\" data-element_type=\"container\">\n\t\t\t\t\t<div class=\"e-con-inner\">\n\t\t\t\t\t<\/div>\n\t\t\t\t<\/div>\n\t\t<div class=\"elementor-element elementor-element-7a38777 e-flex e-con-boxed wpr-particle-no wpr-jarallax-no wpr-parallax-no wpr-sticky-section-no e-con e-parent\" data-id=\"7a38777\" data-element_type=\"container\">\n\t\t\t\t\t<div class=\"e-con-inner\">\n\t\t\t\t<div class=\"elementor-element elementor-element-7730548 elementor-widget elementor-widget-image\" data-id=\"7730548\" data-element_type=\"widget\" data-widget_type=\"image.default\">\n\t\t\t\t<div class=\"elementor-widget-container\">\n\t\t\t\t\t\t\t\t\t\t\t\t\t<img decoding=\"async\" width=\"960\" height=\"66\" src=\"https:\/\/slatina-community.com\/wp-content\/uploads\/2024\/03\/Logo-efs-1024x70.jpg\" class=\"attachment-large size-large wp-image-1628\" alt=\"\" srcset=\"https:\/\/slatina-community.com\/wp-content\/uploads\/2024\/03\/Logo-efs-1024x70.jpg 1024w, https:\/\/slatina-community.com\/wp-content\/uploads\/2024\/03\/Logo-efs-300x20.jpg 300w, https:\/\/slatina-community.com\/wp-content\/uploads\/2024\/03\/Logo-efs-768x52.jpg 768w, https:\/\/slatina-community.com\/wp-content\/uploads\/2024\/03\/Logo-efs.jpg 1514w\" sizes=\"(max-width: 960px) 100vw, 960px\" \/>\t\t\t\t\t\t\t\t\t\t\t\t\t<\/div>\n\t\t\t\t<\/div>\n\t\t\t\t\t<\/div>\n\t\t\t\t<\/div>\n\t\t\t\t<\/div>\n\t\t","protected":false},"excerpt":{"rendered":"<p>Javni poziv za iskaz interesa za sudjelovanje u projektu Za\u017eeli &#8211; prevencija institucionalizacije &#8211; &#8220;Za \u017eivot kakav zaslu\u017euju 4&#8243; KLASA: 442-01\/24-04 URBROJ: 2189-2-11-08-24-4 Slatina, 16.02.2024. Na temelju Odluke o financiranju Ministarstva rada, mirovinskog sustava, obitelji i socijalne politike KLASA: 984-01\/23-01\/29, URBROJ: 524-07-02-01-01\/2-24-19 od 08. velja\u010de 2024. i Ugovora o dodjeli bespovratnih sredstava Kodni broj: SF.3.4.11.01.0329 [&hellip;]<\/p>\n","protected":false},"author":2,"featured_media":1610,"comment_status":"closed","ping_status":"open","sticky":false,"template":"","format":"standard","meta":{"om_disable_all_campaigns":false,"footnotes":""},"categories":[29],"tags":[],"class_list":["post-1608","post","type-post","status-publish","format-standard","has-post-thumbnail","hentry","category-crveni-kriz"],"yoast_head":"<!-- This site is optimized with the Yoast SEO plugin v22.5 - https:\/\/yoast.com\/wordpress\/plugins\/seo\/ -->\n<title>Javni poziv za prikupljanje korisnika - Za\u017eeli - prevencija institucionalizacije - Crveni kriz Slatina<\/title>\n<meta name=\"robots\" content=\"index, follow, max-snippet:-1, max-image-preview:large, max-video-preview:-1\" \/>\n<link rel=\"canonical\" href=\"https:\/\/slatina-community.com\/index.php\/2024\/02\/16\/javni-poziv-za-prikupljanje-korisnika-zazeli-prevencija-institucionalizacije\/\" \/>\n<meta property=\"og:locale\" content=\"hr_HR\" \/>\n<meta property=\"og:type\" content=\"article\" \/>\n<meta property=\"og:title\" content=\"Javni poziv za prikupljanje korisnika - Za\u017eeli - prevencija institucionalizacije - Crveni kriz Slatina\" \/>\n<meta property=\"og:description\" content=\"Javni poziv za iskaz interesa za sudjelovanje u projektu Za\u017eeli &#8211; prevencija institucionalizacije &#8211; &#8220;Za \u017eivot kakav zaslu\u017euju 4&#8243; KLASA: 442-01\/24-04 URBROJ: 2189-2-11-08-24-4 Slatina, 16.02.2024. Na temelju Odluke o financiranju Ministarstva rada, mirovinskog sustava, obitelji i socijalne politike KLASA: 984-01\/23-01\/29, URBROJ: 524-07-02-01-01\/2-24-19 od 08. velja\u010de 2024. i Ugovora o dodjeli bespovratnih sredstava Kodni broj: SF.3.4.11.01.0329 [&hellip;]\" \/>\n<meta property=\"og:url\" content=\"https:\/\/slatina-community.com\/index.php\/2024\/02\/16\/javni-poziv-za-prikupljanje-korisnika-zazeli-prevencija-institucionalizacije\/\" \/>\n<meta property=\"og:site_name\" content=\"Crveni kriz Slatina\" \/>\n<meta property=\"article:published_time\" content=\"2024-02-16T09:52:08+00:00\" \/>\n<meta property=\"article:modified_time\" content=\"2024-03-12T11:45:27+00:00\" \/>\n<meta property=\"og:image\" content=\"https:\/\/slatina-community.com\/wp-content\/uploads\/2024\/02\/logotip_ZAZELI_pozitiv_boja_RGB.jpg\" \/>\n\t<meta property=\"og:image:width\" content=\"1661\" \/>\n\t<meta property=\"og:image:height\" content=\"1007\" \/>\n\t<meta property=\"og:image:type\" content=\"image\/jpeg\" \/>\n<meta name=\"author\" content=\"Vlatko Jelen\u010di\u0107\" \/>\n<meta name=\"twitter:card\" content=\"summary_large_image\" \/>\n<meta name=\"twitter:label1\" content=\"Napisao\/la\" \/>\n\t<meta name=\"twitter:data1\" content=\"Vlatko Jelen\u010di\u0107\" \/>\n\t<meta name=\"twitter:label2\" content=\"Procijenjeno vrijeme \u010ditanja\" \/>\n\t<meta name=\"twitter:data2\" content=\"10 minuta\" \/>\n<script type=\"application\/ld+json\" class=\"yoast-schema-graph\">{\"@context\":\"https:\/\/schema.org\",\"@graph\":[{\"@type\":\"Article\",\"@id\":\"https:\/\/slatina-community.com\/index.php\/2024\/02\/16\/javni-poziv-za-prikupljanje-korisnika-zazeli-prevencija-institucionalizacije\/#article\",\"isPartOf\":{\"@id\":\"https:\/\/slatina-community.com\/index.php\/2024\/02\/16\/javni-poziv-za-prikupljanje-korisnika-zazeli-prevencija-institucionalizacije\/\"},\"author\":{\"name\":\"Vlatko Jelen\u010di\u0107\",\"@id\":\"https:\/\/slatina-community.com\/#\/schema\/person\/21481e2fcada3470317fe9bf14c98548\"},\"headline\":\"Javni poziv za prikupljanje korisnika &#8211; Za\u017eeli &#8211; prevencija institucionalizacije\",\"datePublished\":\"2024-02-16T09:52:08+00:00\",\"dateModified\":\"2024-03-12T11:45:27+00:00\",\"mainEntityOfPage\":{\"@id\":\"https:\/\/slatina-community.com\/index.php\/2024\/02\/16\/javni-poziv-za-prikupljanje-korisnika-zazeli-prevencija-institucionalizacije\/\"},\"wordCount\":1760,\"publisher\":{\"@id\":\"https:\/\/slatina-community.com\/#organization\"},\"image\":{\"@id\":\"https:\/\/slatina-community.com\/index.php\/2024\/02\/16\/javni-poziv-za-prikupljanje-korisnika-zazeli-prevencija-institucionalizacije\/#primaryimage\"},\"thumbnailUrl\":\"https:\/\/slatina-community.com\/wp-content\/uploads\/2024\/02\/logotip_ZAZELI_pozitiv_boja_RGB.jpg\",\"articleSection\":[\"Crveni kri\u017e\"],\"inLanguage\":\"hr\"},{\"@type\":\"WebPage\",\"@id\":\"https:\/\/slatina-community.com\/index.php\/2024\/02\/16\/javni-poziv-za-prikupljanje-korisnika-zazeli-prevencija-institucionalizacije\/\",\"url\":\"https:\/\/slatina-community.com\/index.php\/2024\/02\/16\/javni-poziv-za-prikupljanje-korisnika-zazeli-prevencija-institucionalizacije\/\",\"name\":\"Javni poziv za prikupljanje korisnika - Za\u017eeli - prevencija institucionalizacije - Crveni kriz Slatina\",\"isPartOf\":{\"@id\":\"https:\/\/slatina-community.com\/#website\"},\"primaryImageOfPage\":{\"@id\":\"https:\/\/slatina-community.com\/index.php\/2024\/02\/16\/javni-poziv-za-prikupljanje-korisnika-zazeli-prevencija-institucionalizacije\/#primaryimage\"},\"image\":{\"@id\":\"https:\/\/slatina-community.com\/index.php\/2024\/02\/16\/javni-poziv-za-prikupljanje-korisnika-zazeli-prevencija-institucionalizacije\/#primaryimage\"},\"thumbnailUrl\":\"https:\/\/slatina-community.com\/wp-content\/uploads\/2024\/02\/logotip_ZAZELI_pozitiv_boja_RGB.jpg\",\"datePublished\":\"2024-02-16T09:52:08+00:00\",\"dateModified\":\"2024-03-12T11:45:27+00:00\",\"breadcrumb\":{\"@id\":\"https:\/\/slatina-community.com\/index.php\/2024\/02\/16\/javni-poziv-za-prikupljanje-korisnika-zazeli-prevencija-institucionalizacije\/#breadcrumb\"},\"inLanguage\":\"hr\",\"potentialAction\":[{\"@type\":\"ReadAction\",\"target\":[\"https:\/\/slatina-community.com\/index.php\/2024\/02\/16\/javni-poziv-za-prikupljanje-korisnika-zazeli-prevencija-institucionalizacije\/\"]}]},{\"@type\":\"ImageObject\",\"inLanguage\":\"hr\",\"@id\":\"https:\/\/slatina-community.com\/index.php\/2024\/02\/16\/javni-poziv-za-prikupljanje-korisnika-zazeli-prevencija-institucionalizacije\/#primaryimage\",\"url\":\"https:\/\/slatina-community.com\/wp-content\/uploads\/2024\/02\/logotip_ZAZELI_pozitiv_boja_RGB.jpg\",\"contentUrl\":\"https:\/\/slatina-community.com\/wp-content\/uploads\/2024\/02\/logotip_ZAZELI_pozitiv_boja_RGB.jpg\",\"width\":1661,\"height\":1007},{\"@type\":\"BreadcrumbList\",\"@id\":\"https:\/\/slatina-community.com\/index.php\/2024\/02\/16\/javni-poziv-za-prikupljanje-korisnika-zazeli-prevencija-institucionalizacije\/#breadcrumb\",\"itemListElement\":[{\"@type\":\"ListItem\",\"position\":1,\"name\":\"Home\",\"item\":\"https:\/\/slatina-community.com\/\"},{\"@type\":\"ListItem\",\"position\":2,\"name\":\"Javni poziv za prikupljanje korisnika &#8211; Za\u017eeli &#8211; prevencija institucionalizacije\"}]},{\"@type\":\"WebSite\",\"@id\":\"https:\/\/slatina-community.com\/#website\",\"url\":\"https:\/\/slatina-community.com\/\",\"name\":\"Crveni kri\u017e Slatina\",\"description\":\"crveni-kri\u017e slatina\",\"publisher\":{\"@id\":\"https:\/\/slatina-community.com\/#organization\"},\"alternateName\":\"Gradsko dru\u0161tvo crvenog kri\u017ea Slatina\",\"potentialAction\":[{\"@type\":\"SearchAction\",\"target\":{\"@type\":\"EntryPoint\",\"urlTemplate\":\"https:\/\/slatina-community.com\/?s={search_term_string}\"},\"query-input\":\"required name=search_term_string\"}],\"inLanguage\":\"hr\"},{\"@type\":\"Organization\",\"@id\":\"https:\/\/slatina-community.com\/#organization\",\"name\":\"Crveni kri\u017e Slatina\",\"url\":\"https:\/\/slatina-community.com\/\",\"logo\":{\"@type\":\"ImageObject\",\"inLanguage\":\"hr\",\"@id\":\"https:\/\/slatina-community.com\/#\/schema\/logo\/image\/\",\"url\":\"https:\/\/slatina-community.com\/wp-content\/uploads\/2023\/04\/cropped-109-Slatina.png\",\"contentUrl\":\"https:\/\/slatina-community.com\/wp-content\/uploads\/2023\/04\/cropped-109-Slatina.png\",\"width\":1800,\"height\":512,\"caption\":\"Crveni kri\u017e Slatina\"},\"image\":{\"@id\":\"https:\/\/slatina-community.com\/#\/schema\/logo\/image\/\"}},{\"@type\":\"Person\",\"@id\":\"https:\/\/slatina-community.com\/#\/schema\/person\/21481e2fcada3470317fe9bf14c98548\",\"name\":\"Vlatko Jelen\u010di\u0107\",\"image\":{\"@type\":\"ImageObject\",\"inLanguage\":\"hr\",\"@id\":\"https:\/\/slatina-community.com\/#\/schema\/person\/image\/\",\"url\":\"https:\/\/secure.gravatar.com\/avatar\/6fa50581c160c79fc2fca547bb9836b9701d4b039d562f7f7c6131e981576e68?s=96&d=mm&r=g\",\"contentUrl\":\"https:\/\/secure.gravatar.com\/avatar\/6fa50581c160c79fc2fca547bb9836b9701d4b039d562f7f7c6131e981576e68?s=96&d=mm&r=g\",\"caption\":\"Vlatko Jelen\u010di\u0107\"},\"url\":\"https:\/\/slatina-community.com\/index.php\/author\/vlatko-jelencic\/\"}]}<\/script>\n<!-- \/ Yoast SEO plugin. -->","yoast_head_json":{"title":"Javni poziv za prikupljanje korisnika - Za\u017eeli - prevencija institucionalizacije - Crveni kriz Slatina","robots":{"index":"index","follow":"follow","max-snippet":"max-snippet:-1","max-image-preview":"max-image-preview:large","max-video-preview":"max-video-preview:-1"},"canonical":"https:\/\/slatina-community.com\/index.php\/2024\/02\/16\/javni-poziv-za-prikupljanje-korisnika-zazeli-prevencija-institucionalizacije\/","og_locale":"hr_HR","og_type":"article","og_title":"Javni poziv za prikupljanje korisnika - Za\u017eeli - prevencija institucionalizacije - Crveni kriz Slatina","og_description":"Javni poziv za iskaz interesa za sudjelovanje u projektu Za\u017eeli &#8211; prevencija institucionalizacije &#8211; &#8220;Za \u017eivot kakav zaslu\u017euju 4&#8243; KLASA: 442-01\/24-04 URBROJ: 2189-2-11-08-24-4 Slatina, 16.02.2024. Na temelju Odluke o financiranju Ministarstva rada, mirovinskog sustava, obitelji i socijalne politike KLASA: 984-01\/23-01\/29, URBROJ: 524-07-02-01-01\/2-24-19 od 08. velja\u010de 2024. i Ugovora o dodjeli bespovratnih sredstava Kodni broj: SF.3.4.11.01.0329 [&hellip;]","og_url":"https:\/\/slatina-community.com\/index.php\/2024\/02\/16\/javni-poziv-za-prikupljanje-korisnika-zazeli-prevencija-institucionalizacije\/","og_site_name":"Crveni kriz Slatina","article_published_time":"2024-02-16T09:52:08+00:00","article_modified_time":"2024-03-12T11:45:27+00:00","og_image":[{"width":1661,"height":1007,"url":"https:\/\/slatina-community.com\/wp-content\/uploads\/2024\/02\/logotip_ZAZELI_pozitiv_boja_RGB.jpg","type":"image\/jpeg"}],"author":"Vlatko Jelen\u010di\u0107","twitter_card":"summary_large_image","twitter_misc":{"Napisao\/la":"Vlatko Jelen\u010di\u0107","Procijenjeno vrijeme \u010ditanja":"10 minuta"},"schema":{"@context":"https:\/\/schema.org","@graph":[{"@type":"Article","@id":"https:\/\/slatina-community.com\/index.php\/2024\/02\/16\/javni-poziv-za-prikupljanje-korisnika-zazeli-prevencija-institucionalizacije\/#article","isPartOf":{"@id":"https:\/\/slatina-community.com\/index.php\/2024\/02\/16\/javni-poziv-za-prikupljanje-korisnika-zazeli-prevencija-institucionalizacije\/"},"author":{"name":"Vlatko Jelen\u010di\u0107","@id":"https:\/\/slatina-community.com\/#\/schema\/person\/21481e2fcada3470317fe9bf14c98548"},"headline":"Javni poziv za prikupljanje korisnika &#8211; Za\u017eeli &#8211; prevencija institucionalizacije","datePublished":"2024-02-16T09:52:08+00:00","dateModified":"2024-03-12T11:45:27+00:00","mainEntityOfPage":{"@id":"https:\/\/slatina-community.com\/index.php\/2024\/02\/16\/javni-poziv-za-prikupljanje-korisnika-zazeli-prevencija-institucionalizacije\/"},"wordCount":1760,"publisher":{"@id":"https:\/\/slatina-community.com\/#organization"},"image":{"@id":"https:\/\/slatina-community.com\/index.php\/2024\/02\/16\/javni-poziv-za-prikupljanje-korisnika-zazeli-prevencija-institucionalizacije\/#primaryimage"},"thumbnailUrl":"https:\/\/slatina-community.com\/wp-content\/uploads\/2024\/02\/logotip_ZAZELI_pozitiv_boja_RGB.jpg","articleSection":["Crveni kri\u017e"],"inLanguage":"hr"},{"@type":"WebPage","@id":"https:\/\/slatina-community.com\/index.php\/2024\/02\/16\/javni-poziv-za-prikupljanje-korisnika-zazeli-prevencija-institucionalizacije\/","url":"https:\/\/slatina-community.com\/index.php\/2024\/02\/16\/javni-poziv-za-prikupljanje-korisnika-zazeli-prevencija-institucionalizacije\/","name":"Javni poziv za prikupljanje korisnika - Za\u017eeli - prevencija institucionalizacije - Crveni kriz Slatina","isPartOf":{"@id":"https:\/\/slatina-community.com\/#website"},"primaryImageOfPage":{"@id":"https:\/\/slatina-community.com\/index.php\/2024\/02\/16\/javni-poziv-za-prikupljanje-korisnika-zazeli-prevencija-institucionalizacije\/#primaryimage"},"image":{"@id":"https:\/\/slatina-community.com\/index.php\/2024\/02\/16\/javni-poziv-za-prikupljanje-korisnika-zazeli-prevencija-institucionalizacije\/#primaryimage"},"thumbnailUrl":"https:\/\/slatina-community.com\/wp-content\/uploads\/2024\/02\/logotip_ZAZELI_pozitiv_boja_RGB.jpg","datePublished":"2024-02-16T09:52:08+00:00","dateModified":"2024-03-12T11:45:27+00:00","breadcrumb":{"@id":"https:\/\/slatina-community.com\/index.php\/2024\/02\/16\/javni-poziv-za-prikupljanje-korisnika-zazeli-prevencija-institucionalizacije\/#breadcrumb"},"inLanguage":"hr","potentialAction":[{"@type":"ReadAction","target":["https:\/\/slatina-community.com\/index.php\/2024\/02\/16\/javni-poziv-za-prikupljanje-korisnika-zazeli-prevencija-institucionalizacije\/"]}]},{"@type":"ImageObject","inLanguage":"hr","@id":"https:\/\/slatina-community.com\/index.php\/2024\/02\/16\/javni-poziv-za-prikupljanje-korisnika-zazeli-prevencija-institucionalizacije\/#primaryimage","url":"https:\/\/slatina-community.com\/wp-content\/uploads\/2024\/02\/logotip_ZAZELI_pozitiv_boja_RGB.jpg","contentUrl":"https:\/\/slatina-community.com\/wp-content\/uploads\/2024\/02\/logotip_ZAZELI_pozitiv_boja_RGB.jpg","width":1661,"height":1007},{"@type":"BreadcrumbList","@id":"https:\/\/slatina-community.com\/index.php\/2024\/02\/16\/javni-poziv-za-prikupljanje-korisnika-zazeli-prevencija-institucionalizacije\/#breadcrumb","itemListElement":[{"@type":"ListItem","position":1,"name":"Home","item":"https:\/\/slatina-community.com\/"},{"@type":"ListItem","position":2,"name":"Javni poziv za prikupljanje korisnika &#8211; Za\u017eeli &#8211; prevencija institucionalizacije"}]},{"@type":"WebSite","@id":"https:\/\/slatina-community.com\/#website","url":"https:\/\/slatina-community.com\/","name":"Crveni kri\u017e Slatina","description":"crveni-kri\u017e slatina","publisher":{"@id":"https:\/\/slatina-community.com\/#organization"},"alternateName":"Gradsko dru\u0161tvo crvenog kri\u017ea Slatina","potentialAction":[{"@type":"SearchAction","target":{"@type":"EntryPoint","urlTemplate":"https:\/\/slatina-community.com\/?s={search_term_string}"},"query-input":"required name=search_term_string"}],"inLanguage":"hr"},{"@type":"Organization","@id":"https:\/\/slatina-community.com\/#organization","name":"Crveni kri\u017e Slatina","url":"https:\/\/slatina-community.com\/","logo":{"@type":"ImageObject","inLanguage":"hr","@id":"https:\/\/slatina-community.com\/#\/schema\/logo\/image\/","url":"https:\/\/slatina-community.com\/wp-content\/uploads\/2023\/04\/cropped-109-Slatina.png","contentUrl":"https:\/\/slatina-community.com\/wp-content\/uploads\/2023\/04\/cropped-109-Slatina.png","width":1800,"height":512,"caption":"Crveni kri\u017e Slatina"},"image":{"@id":"https:\/\/slatina-community.com\/#\/schema\/logo\/image\/"}},{"@type":"Person","@id":"https:\/\/slatina-community.com\/#\/schema\/person\/21481e2fcada3470317fe9bf14c98548","name":"Vlatko Jelen\u010di\u0107","image":{"@type":"ImageObject","inLanguage":"hr","@id":"https:\/\/slatina-community.com\/#\/schema\/person\/image\/","url":"https:\/\/secure.gravatar.com\/avatar\/6fa50581c160c79fc2fca547bb9836b9701d4b039d562f7f7c6131e981576e68?s=96&d=mm&r=g","contentUrl":"https:\/\/secure.gravatar.com\/avatar\/6fa50581c160c79fc2fca547bb9836b9701d4b039d562f7f7c6131e981576e68?s=96&d=mm&r=g","caption":"Vlatko Jelen\u010di\u0107"},"url":"https:\/\/slatina-community.com\/index.php\/author\/vlatko-jelencic\/"}]}},"jetpack_featured_media_url":"https:\/\/slatina-community.com\/wp-content\/uploads\/2024\/02\/logotip_ZAZELI_pozitiv_boja_RGB.jpg","_links":{"self":[{"href":"https:\/\/slatina-community.com\/index.php\/wp-json\/wp\/v2\/posts\/1608","targetHints":{"allow":["GET"]}}],"collection":[{"href":"https:\/\/slatina-community.com\/index.php\/wp-json\/wp\/v2\/posts"}],"about":[{"href":"https:\/\/slatina-community.com\/index.php\/wp-json\/wp\/v2\/types\/post"}],"author":[{"embeddable":true,"href":"https:\/\/slatina-community.com\/index.php\/wp-json\/wp\/v2\/users\/2"}],"replies":[{"embeddable":true,"href":"https:\/\/slatina-community.com\/index.php\/wp-json\/wp\/v2\/comments?post=1608"}],"version-history":[{"count":13,"href":"https:\/\/slatina-community.com\/index.php\/wp-json\/wp\/v2\/posts\/1608\/revisions"}],"predecessor-version":[{"id":1631,"href":"https:\/\/slatina-community.com\/index.php\/wp-json\/wp\/v2\/posts\/1608\/revisions\/1631"}],"wp:featuredmedia":[{"embeddable":true,"href":"https:\/\/slatina-community.com\/index.php\/wp-json\/wp\/v2\/media\/1610"}],"wp:attachment":[{"href":"https:\/\/slatina-community.com\/index.php\/wp-json\/wp\/v2\/media?parent=1608"}],"wp:term":[{"taxonomy":"category","embeddable":true,"href":"https:\/\/slatina-community.com\/index.php\/wp-json\/wp\/v2\/categories?post=1608"},{"taxonomy":"post_tag","embeddable":true,"href":"https:\/\/slatina-community.com\/index.php\/wp-json\/wp\/v2\/tags?post=1608"}],"curies":[{"name":"wp","href":"https:\/\/api.w.org\/{rel}","templated":true}]}}