{"id":1595,"date":"2023-11-24T12:13:10","date_gmt":"2023-11-24T11:13:10","guid":{"rendered":"https:\/\/slatina-community.com\/?p=1595"},"modified":"2023-11-24T12:13:10","modified_gmt":"2023-11-24T11:13:10","slug":"krstenje-leonarda-5-djeteta-slatinske-obitelji-kokoric","status":"publish","type":"post","link":"https:\/\/slatina-community.com\/index.php\/2023\/11\/24\/krstenje-leonarda-5-djeteta-slatinske-obitelji-kokoric\/","title":{"rendered":"Kr\u0161tenje Leonarda \u2013 5. djeteta slatinske obitelji Kokori\u0107"},"content":{"rendered":"\n<p>U \u017eupnoj crkvi bl. Ivana Merza u Slatini u nedjelju, 8. listopada 2023., po\u017ee\u0161ki biskup dr. Antun \u0160kvor\u010devi\u0107 krstio je malog Leonarda, peto dijete majke Katarine ro\u0111. Turk (26) i oca Danijela (27). Kumovi su bili Miroslav i Ana Sraka iz Zvonimirovca. Iako su roditelji veoma mladi (nemaju ni 30 godina) pokazali su veliku otvorenost prema \u017eivotu i u 6 godina braka planirali odgovornost za podizanje i odgoj petero djece. Osim malog Leonarda ro\u0111enog 2. kolovoza, tu su jo\u0161 i sestrice Danijela (2019.) i Petra (2020.) i starija bra\u0107a Sandro (2017.) i Stjepan (2022.) Nitko od njih jo\u0161 ne poha\u0111a \u0161kolu, a troje ide u dje\u010dji vrti\u0107 u Slatini.<\/p>\n\n\n\n<p>Pastoralna praksa katoli\u010dkih biskupa u Hrvatskoj, pa tako i na\u0161eg po\u017ee\u0161kog Antuna, je da sakrament kr\u0161tenja osobno podjele svakom petom i daljem djetetu u obitelji, ako su u mogu\u0107nosti. Time ohrabruju sve plemenite obitelji koje se ne boje \u017eivota i daju im vidljivu podr\u0161ku na njihovom putu s Bogom u sukreaciji i odgoju novih kr\u0161\u0107ana. To je najuzvi\u0161enija zada\u0107a koju jedna obitelj na zemaljskom putu mo\u017ee imati.<\/p>\n\n\n\n<p>Biskup \u0160kvor\u010devi\u0107 \u010destitao je obitelji Kokori\u0107 i rekao neka se ne boje \u017ertve, jer svaka \u017ertva koja proizlazi iz ljubavi ne mo\u017ee \u010dovjeka ostaviti praznim i izgubljenim, nego ga ispunja \u017eivotom, svjetlom i smislom. Zamolio je i nebesku za\u0161titu patrona \u017eupe bl. Ivana Merza na sve vjernike i sve obitelji s djecom, stare i nemo\u0107ne i za djecu ove obitelji Kokori\u0107 da im sjeme \u017eivota zasijano kr\u0161tenjem izraste do punine mjere Bo\u017eje.<\/p>\n\n\n\n<p>Izvor: <a href=\"https:\/\/www.radioslatina.hr\/krstenje-leonarda-5-djeteta-slatinske-obitelji-kokoric\/\">Radio Slatina<\/a><\/p>\n","protected":false},"excerpt":{"rendered":"<p>U \u017eupnoj crkvi bl. Ivana Merza u Slatini u nedjelju, 8. listopada 2023., po\u017ee\u0161ki biskup dr. Antun \u0160kvor\u010devi\u0107 krstio je malog Leonarda, peto dijete majke Katarine ro\u0111. Turk (26) i oca Danijela (27). Kumovi su bili Miroslav i Ana Sraka iz Zvonimirovca. Iako su roditelji veoma mladi (nemaju ni 30 godina) pokazali su veliku otvorenost [&hellip;]<\/p>\n","protected":false},"author":2,"featured_media":1596,"comment_status":"closed","ping_status":"closed","sticky":false,"template":"","format":"standard","meta":{"om_disable_all_campaigns":false,"footnotes":""},"categories":[36],"tags":[],"class_list":["post-1595","post","type-post","status-publish","format-standard","has-post-thumbnail","hentry","category-djeca-i-mladi"],"yoast_head":"<!-- This site is optimized with the Yoast SEO plugin v22.5 - https:\/\/yoast.com\/wordpress\/plugins\/seo\/ -->\n<title>Kr\u0161tenje Leonarda \u2013 5. djeteta slatinske obitelji Kokori\u0107 - Crveni kriz Slatina<\/title>\n<meta name=\"description\" content=\"Kr\u0161tenje Leonarda \u2013 5. djeteta slatinske obitelji Kokori\u0107\" \/>\n<meta name=\"robots\" content=\"index, follow, max-snippet:-1, max-image-preview:large, max-video-preview:-1\" \/>\n<link rel=\"canonical\" href=\"https:\/\/slatina-community.com\/index.php\/2023\/11\/24\/krstenje-leonarda-5-djeteta-slatinske-obitelji-kokoric\/\" \/>\n<meta property=\"og:locale\" content=\"hr_HR\" \/>\n<meta property=\"og:type\" content=\"article\" \/>\n<meta property=\"og:title\" content=\"Kr\u0161tenje Leonarda \u2013 5. djeteta slatinske obitelji Kokori\u0107 - Crveni kriz Slatina\" \/>\n<meta property=\"og:description\" content=\"Kr\u0161tenje Leonarda \u2013 5. djeteta slatinske obitelji Kokori\u0107\" \/>\n<meta property=\"og:url\" content=\"https:\/\/slatina-community.com\/index.php\/2023\/11\/24\/krstenje-leonarda-5-djeteta-slatinske-obitelji-kokoric\/\" \/>\n<meta property=\"og:site_name\" content=\"Crveni kriz Slatina\" \/>\n<meta property=\"article:published_time\" content=\"2023-11-24T11:13:10+00:00\" \/>\n<meta property=\"og:image\" content=\"https:\/\/slatina-community.com\/wp-content\/uploads\/2023\/11\/kokorici.png\" \/>\n\t<meta property=\"og:image:width\" content=\"780\" \/>\n\t<meta property=\"og:image:height\" content=\"470\" \/>\n\t<meta property=\"og:image:type\" content=\"image\/png\" \/>\n<meta name=\"author\" content=\"Vlatko Jelen\u010di\u0107\" \/>\n<meta name=\"twitter:card\" content=\"summary_large_image\" \/>\n<meta name=\"twitter:label1\" content=\"Napisao\/la\" \/>\n\t<meta name=\"twitter:data1\" content=\"Vlatko Jelen\u010di\u0107\" \/>\n\t<meta name=\"twitter:label2\" content=\"Procijenjeno vrijeme \u010ditanja\" \/>\n\t<meta name=\"twitter:data2\" content=\"2 minute\" \/>\n<script type=\"application\/ld+json\" class=\"yoast-schema-graph\">{\"@context\":\"https:\/\/schema.org\",\"@graph\":[{\"@type\":\"Article\",\"@id\":\"https:\/\/slatina-community.com\/index.php\/2023\/11\/24\/krstenje-leonarda-5-djeteta-slatinske-obitelji-kokoric\/#article\",\"isPartOf\":{\"@id\":\"https:\/\/slatina-community.com\/index.php\/2023\/11\/24\/krstenje-leonarda-5-djeteta-slatinske-obitelji-kokoric\/\"},\"author\":{\"name\":\"Vlatko Jelen\u010di\u0107\",\"@id\":\"https:\/\/slatina-community.com\/#\/schema\/person\/21481e2fcada3470317fe9bf14c98548\"},\"headline\":\"Kr\u0161tenje Leonarda \u2013 5. djeteta slatinske obitelji Kokori\u0107\",\"datePublished\":\"2023-11-24T11:13:10+00:00\",\"dateModified\":\"2023-11-24T11:13:10+00:00\",\"mainEntityOfPage\":{\"@id\":\"https:\/\/slatina-community.com\/index.php\/2023\/11\/24\/krstenje-leonarda-5-djeteta-slatinske-obitelji-kokoric\/\"},\"wordCount\":271,\"publisher\":{\"@id\":\"https:\/\/slatina-community.com\/#organization\"},\"image\":{\"@id\":\"https:\/\/slatina-community.com\/index.php\/2023\/11\/24\/krstenje-leonarda-5-djeteta-slatinske-obitelji-kokoric\/#primaryimage\"},\"thumbnailUrl\":\"https:\/\/slatina-community.com\/wp-content\/uploads\/2023\/11\/kokorici.png\",\"articleSection\":[\"Djeca i mladi\"],\"inLanguage\":\"hr\"},{\"@type\":\"WebPage\",\"@id\":\"https:\/\/slatina-community.com\/index.php\/2023\/11\/24\/krstenje-leonarda-5-djeteta-slatinske-obitelji-kokoric\/\",\"url\":\"https:\/\/slatina-community.com\/index.php\/2023\/11\/24\/krstenje-leonarda-5-djeteta-slatinske-obitelji-kokoric\/\",\"name\":\"Kr\u0161tenje Leonarda \u2013 5. djeteta slatinske obitelji Kokori\u0107 - Crveni kriz Slatina\",\"isPartOf\":{\"@id\":\"https:\/\/slatina-community.com\/#website\"},\"primaryImageOfPage\":{\"@id\":\"https:\/\/slatina-community.com\/index.php\/2023\/11\/24\/krstenje-leonarda-5-djeteta-slatinske-obitelji-kokoric\/#primaryimage\"},\"image\":{\"@id\":\"https:\/\/slatina-community.com\/index.php\/2023\/11\/24\/krstenje-leonarda-5-djeteta-slatinske-obitelji-kokoric\/#primaryimage\"},\"thumbnailUrl\":\"https:\/\/slatina-community.com\/wp-content\/uploads\/2023\/11\/kokorici.png\",\"datePublished\":\"2023-11-24T11:13:10+00:00\",\"dateModified\":\"2023-11-24T11:13:10+00:00\",\"description\":\"Kr\u0161tenje Leonarda \u2013 5. djeteta slatinske obitelji Kokori\u0107\",\"breadcrumb\":{\"@id\":\"https:\/\/slatina-community.com\/index.php\/2023\/11\/24\/krstenje-leonarda-5-djeteta-slatinske-obitelji-kokoric\/#breadcrumb\"},\"inLanguage\":\"hr\",\"potentialAction\":[{\"@type\":\"ReadAction\",\"target\":[\"https:\/\/slatina-community.com\/index.php\/2023\/11\/24\/krstenje-leonarda-5-djeteta-slatinske-obitelji-kokoric\/\"]}]},{\"@type\":\"ImageObject\",\"inLanguage\":\"hr\",\"@id\":\"https:\/\/slatina-community.com\/index.php\/2023\/11\/24\/krstenje-leonarda-5-djeteta-slatinske-obitelji-kokoric\/#primaryimage\",\"url\":\"https:\/\/slatina-community.com\/wp-content\/uploads\/2023\/11\/kokorici.png\",\"contentUrl\":\"https:\/\/slatina-community.com\/wp-content\/uploads\/2023\/11\/kokorici.png\",\"width\":780,\"height\":470,\"caption\":\"kokorici\"},{\"@type\":\"BreadcrumbList\",\"@id\":\"https:\/\/slatina-community.com\/index.php\/2023\/11\/24\/krstenje-leonarda-5-djeteta-slatinske-obitelji-kokoric\/#breadcrumb\",\"itemListElement\":[{\"@type\":\"ListItem\",\"position\":1,\"name\":\"Home\",\"item\":\"https:\/\/slatina-community.com\/\"},{\"@type\":\"ListItem\",\"position\":2,\"name\":\"Kr\u0161tenje Leonarda \u2013 5. djeteta slatinske obitelji Kokori\u0107\"}]},{\"@type\":\"WebSite\",\"@id\":\"https:\/\/slatina-community.com\/#website\",\"url\":\"https:\/\/slatina-community.com\/\",\"name\":\"Crveni kri\u017e Slatina\",\"description\":\"crveni-kri\u017e slatina\",\"publisher\":{\"@id\":\"https:\/\/slatina-community.com\/#organization\"},\"alternateName\":\"Gradsko dru\u0161tvo crvenog kri\u017ea Slatina\",\"potentialAction\":[{\"@type\":\"SearchAction\",\"target\":{\"@type\":\"EntryPoint\",\"urlTemplate\":\"https:\/\/slatina-community.com\/?s={search_term_string}\"},\"query-input\":\"required name=search_term_string\"}],\"inLanguage\":\"hr\"},{\"@type\":\"Organization\",\"@id\":\"https:\/\/slatina-community.com\/#organization\",\"name\":\"Crveni kri\u017e Slatina\",\"url\":\"https:\/\/slatina-community.com\/\",\"logo\":{\"@type\":\"ImageObject\",\"inLanguage\":\"hr\",\"@id\":\"https:\/\/slatina-community.com\/#\/schema\/logo\/image\/\",\"url\":\"https:\/\/slatina-community.com\/wp-content\/uploads\/2023\/04\/cropped-109-Slatina.png\",\"contentUrl\":\"https:\/\/slatina-community.com\/wp-content\/uploads\/2023\/04\/cropped-109-Slatina.png\",\"width\":1800,\"height\":512,\"caption\":\"Crveni kri\u017e Slatina\"},\"image\":{\"@id\":\"https:\/\/slatina-community.com\/#\/schema\/logo\/image\/\"}},{\"@type\":\"Person\",\"@id\":\"https:\/\/slatina-community.com\/#\/schema\/person\/21481e2fcada3470317fe9bf14c98548\",\"name\":\"Vlatko Jelen\u010di\u0107\",\"image\":{\"@type\":\"ImageObject\",\"inLanguage\":\"hr\",\"@id\":\"https:\/\/slatina-community.com\/#\/schema\/person\/image\/\",\"url\":\"https:\/\/secure.gravatar.com\/avatar\/6fa50581c160c79fc2fca547bb9836b9701d4b039d562f7f7c6131e981576e68?s=96&d=mm&r=g\",\"contentUrl\":\"https:\/\/secure.gravatar.com\/avatar\/6fa50581c160c79fc2fca547bb9836b9701d4b039d562f7f7c6131e981576e68?s=96&d=mm&r=g\",\"caption\":\"Vlatko Jelen\u010di\u0107\"},\"url\":\"https:\/\/slatina-community.com\/index.php\/author\/vlatko-jelencic\/\"}]}<\/script>\n<!-- \/ Yoast SEO plugin. -->","yoast_head_json":{"title":"Kr\u0161tenje Leonarda \u2013 5. djeteta slatinske obitelji Kokori\u0107 - Crveni kriz Slatina","description":"Kr\u0161tenje Leonarda \u2013 5. djeteta slatinske obitelji Kokori\u0107","robots":{"index":"index","follow":"follow","max-snippet":"max-snippet:-1","max-image-preview":"max-image-preview:large","max-video-preview":"max-video-preview:-1"},"canonical":"https:\/\/slatina-community.com\/index.php\/2023\/11\/24\/krstenje-leonarda-5-djeteta-slatinske-obitelji-kokoric\/","og_locale":"hr_HR","og_type":"article","og_title":"Kr\u0161tenje Leonarda \u2013 5. djeteta slatinske obitelji Kokori\u0107 - Crveni kriz Slatina","og_description":"Kr\u0161tenje Leonarda \u2013 5. djeteta slatinske obitelji Kokori\u0107","og_url":"https:\/\/slatina-community.com\/index.php\/2023\/11\/24\/krstenje-leonarda-5-djeteta-slatinske-obitelji-kokoric\/","og_site_name":"Crveni kriz Slatina","article_published_time":"2023-11-24T11:13:10+00:00","og_image":[{"width":780,"height":470,"url":"https:\/\/slatina-community.com\/wp-content\/uploads\/2023\/11\/kokorici.png","type":"image\/png"}],"author":"Vlatko Jelen\u010di\u0107","twitter_card":"summary_large_image","twitter_misc":{"Napisao\/la":"Vlatko Jelen\u010di\u0107","Procijenjeno vrijeme \u010ditanja":"2 minute"},"schema":{"@context":"https:\/\/schema.org","@graph":[{"@type":"Article","@id":"https:\/\/slatina-community.com\/index.php\/2023\/11\/24\/krstenje-leonarda-5-djeteta-slatinske-obitelji-kokoric\/#article","isPartOf":{"@id":"https:\/\/slatina-community.com\/index.php\/2023\/11\/24\/krstenje-leonarda-5-djeteta-slatinske-obitelji-kokoric\/"},"author":{"name":"Vlatko Jelen\u010di\u0107","@id":"https:\/\/slatina-community.com\/#\/schema\/person\/21481e2fcada3470317fe9bf14c98548"},"headline":"Kr\u0161tenje Leonarda \u2013 5. djeteta slatinske obitelji Kokori\u0107","datePublished":"2023-11-24T11:13:10+00:00","dateModified":"2023-11-24T11:13:10+00:00","mainEntityOfPage":{"@id":"https:\/\/slatina-community.com\/index.php\/2023\/11\/24\/krstenje-leonarda-5-djeteta-slatinske-obitelji-kokoric\/"},"wordCount":271,"publisher":{"@id":"https:\/\/slatina-community.com\/#organization"},"image":{"@id":"https:\/\/slatina-community.com\/index.php\/2023\/11\/24\/krstenje-leonarda-5-djeteta-slatinske-obitelji-kokoric\/#primaryimage"},"thumbnailUrl":"https:\/\/slatina-community.com\/wp-content\/uploads\/2023\/11\/kokorici.png","articleSection":["Djeca i mladi"],"inLanguage":"hr"},{"@type":"WebPage","@id":"https:\/\/slatina-community.com\/index.php\/2023\/11\/24\/krstenje-leonarda-5-djeteta-slatinske-obitelji-kokoric\/","url":"https:\/\/slatina-community.com\/index.php\/2023\/11\/24\/krstenje-leonarda-5-djeteta-slatinske-obitelji-kokoric\/","name":"Kr\u0161tenje Leonarda \u2013 5. djeteta slatinske obitelji Kokori\u0107 - Crveni kriz Slatina","isPartOf":{"@id":"https:\/\/slatina-community.com\/#website"},"primaryImageOfPage":{"@id":"https:\/\/slatina-community.com\/index.php\/2023\/11\/24\/krstenje-leonarda-5-djeteta-slatinske-obitelji-kokoric\/#primaryimage"},"image":{"@id":"https:\/\/slatina-community.com\/index.php\/2023\/11\/24\/krstenje-leonarda-5-djeteta-slatinske-obitelji-kokoric\/#primaryimage"},"thumbnailUrl":"https:\/\/slatina-community.com\/wp-content\/uploads\/2023\/11\/kokorici.png","datePublished":"2023-11-24T11:13:10+00:00","dateModified":"2023-11-24T11:13:10+00:00","description":"Kr\u0161tenje Leonarda \u2013 5. djeteta slatinske obitelji Kokori\u0107","breadcrumb":{"@id":"https:\/\/slatina-community.com\/index.php\/2023\/11\/24\/krstenje-leonarda-5-djeteta-slatinske-obitelji-kokoric\/#breadcrumb"},"inLanguage":"hr","potentialAction":[{"@type":"ReadAction","target":["https:\/\/slatina-community.com\/index.php\/2023\/11\/24\/krstenje-leonarda-5-djeteta-slatinske-obitelji-kokoric\/"]}]},{"@type":"ImageObject","inLanguage":"hr","@id":"https:\/\/slatina-community.com\/index.php\/2023\/11\/24\/krstenje-leonarda-5-djeteta-slatinske-obitelji-kokoric\/#primaryimage","url":"https:\/\/slatina-community.com\/wp-content\/uploads\/2023\/11\/kokorici.png","contentUrl":"https:\/\/slatina-community.com\/wp-content\/uploads\/2023\/11\/kokorici.png","width":780,"height":470,"caption":"kokorici"},{"@type":"BreadcrumbList","@id":"https:\/\/slatina-community.com\/index.php\/2023\/11\/24\/krstenje-leonarda-5-djeteta-slatinske-obitelji-kokoric\/#breadcrumb","itemListElement":[{"@type":"ListItem","position":1,"name":"Home","item":"https:\/\/slatina-community.com\/"},{"@type":"ListItem","position":2,"name":"Kr\u0161tenje Leonarda \u2013 5. djeteta slatinske obitelji Kokori\u0107"}]},{"@type":"WebSite","@id":"https:\/\/slatina-community.com\/#website","url":"https:\/\/slatina-community.com\/","name":"Crveni kri\u017e Slatina","description":"crveni-kri\u017e slatina","publisher":{"@id":"https:\/\/slatina-community.com\/#organization"},"alternateName":"Gradsko dru\u0161tvo crvenog kri\u017ea Slatina","potentialAction":[{"@type":"SearchAction","target":{"@type":"EntryPoint","urlTemplate":"https:\/\/slatina-community.com\/?s={search_term_string}"},"query-input":"required name=search_term_string"}],"inLanguage":"hr"},{"@type":"Organization","@id":"https:\/\/slatina-community.com\/#organization","name":"Crveni kri\u017e Slatina","url":"https:\/\/slatina-community.com\/","logo":{"@type":"ImageObject","inLanguage":"hr","@id":"https:\/\/slatina-community.com\/#\/schema\/logo\/image\/","url":"https:\/\/slatina-community.com\/wp-content\/uploads\/2023\/04\/cropped-109-Slatina.png","contentUrl":"https:\/\/slatina-community.com\/wp-content\/uploads\/2023\/04\/cropped-109-Slatina.png","width":1800,"height":512,"caption":"Crveni kri\u017e Slatina"},"image":{"@id":"https:\/\/slatina-community.com\/#\/schema\/logo\/image\/"}},{"@type":"Person","@id":"https:\/\/slatina-community.com\/#\/schema\/person\/21481e2fcada3470317fe9bf14c98548","name":"Vlatko Jelen\u010di\u0107","image":{"@type":"ImageObject","inLanguage":"hr","@id":"https:\/\/slatina-community.com\/#\/schema\/person\/image\/","url":"https:\/\/secure.gravatar.com\/avatar\/6fa50581c160c79fc2fca547bb9836b9701d4b039d562f7f7c6131e981576e68?s=96&d=mm&r=g","contentUrl":"https:\/\/secure.gravatar.com\/avatar\/6fa50581c160c79fc2fca547bb9836b9701d4b039d562f7f7c6131e981576e68?s=96&d=mm&r=g","caption":"Vlatko Jelen\u010di\u0107"},"url":"https:\/\/slatina-community.com\/index.php\/author\/vlatko-jelencic\/"}]}},"jetpack_featured_media_url":"https:\/\/slatina-community.com\/wp-content\/uploads\/2023\/11\/kokorici.png","_links":{"self":[{"href":"https:\/\/slatina-community.com\/index.php\/wp-json\/wp\/v2\/posts\/1595","targetHints":{"allow":["GET"]}}],"collection":[{"href":"https:\/\/slatina-community.com\/index.php\/wp-json\/wp\/v2\/posts"}],"about":[{"href":"https:\/\/slatina-community.com\/index.php\/wp-json\/wp\/v2\/types\/post"}],"author":[{"embeddable":true,"href":"https:\/\/slatina-community.com\/index.php\/wp-json\/wp\/v2\/users\/2"}],"replies":[{"embeddable":true,"href":"https:\/\/slatina-community.com\/index.php\/wp-json\/wp\/v2\/comments?post=1595"}],"version-history":[{"count":1,"href":"https:\/\/slatina-community.com\/index.php\/wp-json\/wp\/v2\/posts\/1595\/revisions"}],"predecessor-version":[{"id":1597,"href":"https:\/\/slatina-community.com\/index.php\/wp-json\/wp\/v2\/posts\/1595\/revisions\/1597"}],"wp:featuredmedia":[{"embeddable":true,"href":"https:\/\/slatina-community.com\/index.php\/wp-json\/wp\/v2\/media\/1596"}],"wp:attachment":[{"href":"https:\/\/slatina-community.com\/index.php\/wp-json\/wp\/v2\/media?parent=1595"}],"wp:term":[{"taxonomy":"category","embeddable":true,"href":"https:\/\/slatina-community.com\/index.php\/wp-json\/wp\/v2\/categories?post=1595"},{"taxonomy":"post_tag","embeddable":true,"href":"https:\/\/slatina-community.com\/index.php\/wp-json\/wp\/v2\/tags?post=1595"}],"curies":[{"name":"wp","href":"https:\/\/api.w.org\/{rel}","templated":true}]}}